{"id":11753,"date":"2018-07-30T11:58:53","date_gmt":"2018-07-30T14:58:53","guid":{"rendered":"http:\/\/caririemdestaque.com\/cd\/?p=11753"},"modified":"2018-07-30T12:01:13","modified_gmt":"2018-07-30T15:01:13","slug":"exclusivo-paulo-sergio-barros-confirma-que-ira-assumir-direcao-do-hospital-de-serra-branca-nao-e-o-momento-de-pensar-em-partido-e-sim-no-municipio-ouca","status":"publish","type":"post","link":"https:\/\/noticiasemdestaque.com\/cd\/?p=11753","title":{"rendered":"Exclusivo: Paulo S\u00e9rgio Barros confirma que ir\u00e1 assumir Hospital de Serra Branca, \u201cN\u00e3o \u00e9 o momento de pensar em partido, mas sim no munic\u00edpio\u201d ou\u00e7a:"},"content":{"rendered":"<p><a href=\"http:\/\/caririemdestaque.com\/cd\/wp-content\/uploads\/2018\/07\/18010515_1158782884244349_2265868922867483365_n.jpg\"><img fetchpriority=\"high\" decoding=\"async\" class=\"alignnone size-full wp-image-11756\" src=\"http:\/\/caririemdestaque.com\/cd\/wp-content\/uploads\/2018\/07\/18010515_1158782884244349_2265868922867483365_n.jpg\" alt=\"\" width=\"960\" height=\"720\" srcset=\"https:\/\/noticiasemdestaque.com\/cd\/wp-content\/uploads\/2018\/07\/18010515_1158782884244349_2265868922867483365_n.jpg 960w, https:\/\/noticiasemdestaque.com\/cd\/wp-content\/uploads\/2018\/07\/18010515_1158782884244349_2265868922867483365_n-300x225.jpg 300w, https:\/\/noticiasemdestaque.com\/cd\/wp-content\/uploads\/2018\/07\/18010515_1158782884244349_2265868922867483365_n-768x576.jpg 768w, https:\/\/noticiasemdestaque.com\/cd\/wp-content\/uploads\/2018\/07\/18010515_1158782884244349_2265868922867483365_n-640x480.jpg 640w\" sizes=\"(max-width: 960px) 100vw, 960px\" \/><\/a><\/p>\n<p>O ex-vereador de Serra Branca, Paulo S\u00e9rgio Barros, confirmou em entrevista exclusiva ao <strong><em>Cariri em Destaque,<\/em><\/strong> que aceitou o convite do prefeito Souzinha para assumir a dire\u00e7\u00e3o do Hospital do munic\u00edpio.<\/p>\n<p>Paulo S\u00e9rgio Barros, comentou ainda, o fato de ser filiado ao PSB, a qual foi candidato a vice-prefeito na chapa do PT em 2016, grupo que hoje faz oposi\u00e7\u00e3o ao atual prefeito. Paulo S\u00e9rgio afirmou que esse \u201cN\u00e3o \u00e9 o momento de pensar em partido e sim no munic\u00edpio\u201d ou\u00e7a:<\/p>\n<!--[if lt IE 9]><script>document.createElement('audio');<\/script><![endif]-->\n<audio class=\"wp-audio-shortcode\" id=\"audio-11753-1\" preload=\"none\" style=\"width: 100%;\" controls=\"controls\"><source type=\"audio\/mpeg\" src=\"http:\/\/caririemdestaque.com\/cd\/wp-content\/uploads\/2018\/07\/30-07-PAULO-S\u00c9RGIO-1.mp3?_=1\" \/><a href=\"http:\/\/caririemdestaque.com\/cd\/wp-content\/uploads\/2018\/07\/30-07-PAULO-S\u00c9RGIO-1.mp3\">http:\/\/caririemdestaque.com\/cd\/wp-content\/uploads\/2018\/07\/30-07-PAULO-S\u00c9RGIO-1.mp3<\/a><\/audio>\n<p>&nbsp;<\/p>\n<p><strong><em>Cariri em Destaque <\/em><\/strong><\/p>\n","protected":false},"excerpt":{"rendered":"<p>O ex-vereador de Serra Branca, Paulo S\u00e9rgio Barros, confirmou em entrevista exclusiva ao Cariri em Destaque, que aceitou o convite do prefeito Souzinha para assumir a dire\u00e7\u00e3o do Hospital do munic\u00edpio. Paulo S\u00e9rgio Barros, comentou ainda, o fato de ser filiado ao PSB, a qual foi candidato a vice-prefeito na chapa do PT em 2016, grupo que hoje faz oposi\u00e7\u00e3o ao atual prefeito. Paulo S\u00e9rgio afirmou que esse \u201cN\u00e3o \u00e9 o momento de pensar em partido e sim no munic\u00edpio\u201d ou\u00e7a: &nbsp; Cariri em Destaque<\/p>\n","protected":false},"author":2,"featured_media":11756,"comment_status":"closed","ping_status":"open","sticky":false,"template":"","format":"standard","meta":{"_eb_attr":"","_jetpack_memberships_contains_paid_content":false,"footnotes":""},"categories":[4],"tags":[],"class_list":["post-11753","post","type-post","status-publish","format-standard","has-post-thumbnail","hentry","category-politica"],"yoast_head":"<!-- This site is optimized with the Yoast SEO plugin v26.5 - https:\/\/yoast.com\/wordpress\/plugins\/seo\/ -->\n<title>Exclusivo: Paulo S\u00e9rgio Barros confirma que ir\u00e1 assumir Hospital de Serra Branca, \u201cN\u00e3o \u00e9 o momento de pensar em partido, mas sim no munic\u00edpio\u201d ou\u00e7a: - Not&iacute;cias em Destaque<\/title>\n<meta name=\"robots\" content=\"index, follow, max-snippet:-1, max-image-preview:large, max-video-preview:-1\" \/>\n<link rel=\"canonical\" href=\"https:\/\/noticiasemdestaque.com\/cd\/?p=11753\" \/>\n<meta property=\"og:locale\" content=\"pt_BR\" \/>\n<meta property=\"og:type\" content=\"article\" \/>\n<meta property=\"og:title\" content=\"Exclusivo: Paulo S\u00e9rgio Barros confirma que ir\u00e1 assumir Hospital de Serra Branca, \u201cN\u00e3o \u00e9 o momento de pensar em partido, mas sim no munic\u00edpio\u201d ou\u00e7a: - Not&iacute;cias em Destaque\" \/>\n<meta property=\"og:description\" content=\"O ex-vereador de Serra Branca, Paulo S\u00e9rgio Barros, confirmou em entrevista exclusiva ao Cariri em Destaque, que aceitou o convite do prefeito Souzinha para assumir a dire\u00e7\u00e3o do Hospital do munic\u00edpio. Paulo S\u00e9rgio Barros, comentou ainda, o fato de ser filiado ao PSB, a qual foi candidato a vice-prefeito na chapa do PT em 2016, grupo que hoje faz oposi\u00e7\u00e3o ao atual prefeito. Paulo S\u00e9rgio afirmou que esse \u201cN\u00e3o \u00e9 o momento de pensar em partido e sim no munic\u00edpio\u201d ou\u00e7a: &nbsp; Cariri em Destaque\" \/>\n<meta property=\"og:url\" content=\"https:\/\/noticiasemdestaque.com\/cd\/?p=11753\" \/>\n<meta property=\"og:site_name\" content=\"Not&iacute;cias em Destaque\" \/>\n<meta property=\"article:published_time\" content=\"2018-07-30T14:58:53+00:00\" \/>\n<meta property=\"article:modified_time\" content=\"2018-07-30T15:01:13+00:00\" \/>\n<meta property=\"og:image\" content=\"https:\/\/noticiasemdestaque.com\/cd\/wp-content\/uploads\/2018\/07\/18010515_1158782884244349_2265868922867483365_n.jpg\" \/>\n\t<meta property=\"og:image:width\" content=\"960\" \/>\n\t<meta property=\"og:image:height\" content=\"720\" \/>\n\t<meta property=\"og:image:type\" content=\"image\/jpeg\" \/>\n<meta name=\"author\" content=\"Not\u00edcias em Destaque\" \/>\n<meta name=\"twitter:card\" content=\"summary_large_image\" \/>\n<meta name=\"twitter:label1\" content=\"Escrito por\" \/>\n\t<meta name=\"twitter:data1\" content=\"Not\u00edcias em Destaque\" \/>\n\t<meta name=\"twitter:label2\" content=\"Est. tempo de leitura\" \/>\n\t<meta name=\"twitter:data2\" content=\"1 minuto\" \/>\n<script type=\"application\/ld+json\" class=\"yoast-schema-graph\">{\"@context\":\"https:\/\/schema.org\",\"@graph\":[{\"@type\":\"Article\",\"@id\":\"https:\/\/noticiasemdestaque.com\/cd\/?p=11753#article\",\"isPartOf\":{\"@id\":\"https:\/\/noticiasemdestaque.com\/cd\/?p=11753\"},\"author\":{\"name\":\"Not\u00edcias em Destaque\",\"@id\":\"https:\/\/noticiasemdestaque.com\/cd\/#\/schema\/person\/21320b03a7e8bb90128938dafc9b908a\"},\"headline\":\"Exclusivo: Paulo S\u00e9rgio Barros confirma que ir\u00e1 assumir Hospital de Serra Branca, \u201cN\u00e3o \u00e9 o momento de pensar em partido, mas sim no munic\u00edpio\u201d ou\u00e7a:\",\"datePublished\":\"2018-07-30T14:58:53+00:00\",\"dateModified\":\"2018-07-30T15:01:13+00:00\",\"mainEntityOfPage\":{\"@id\":\"https:\/\/noticiasemdestaque.com\/cd\/?p=11753\"},\"wordCount\":133,\"publisher\":{\"@id\":\"https:\/\/noticiasemdestaque.com\/cd\/#organization\"},\"image\":{\"@id\":\"https:\/\/noticiasemdestaque.com\/cd\/?p=11753#primaryimage\"},\"thumbnailUrl\":\"https:\/\/noticiasemdestaque.com\/cd\/wp-content\/uploads\/2018\/07\/18010515_1158782884244349_2265868922867483365_n.jpg\",\"articleSection\":[\"Pol\u00edtica\"],\"inLanguage\":\"pt-BR\"},{\"@type\":\"WebPage\",\"@id\":\"https:\/\/noticiasemdestaque.com\/cd\/?p=11753\",\"url\":\"https:\/\/noticiasemdestaque.com\/cd\/?p=11753\",\"name\":\"Exclusivo: Paulo S\u00e9rgio Barros confirma que ir\u00e1 assumir Hospital de Serra Branca, \u201cN\u00e3o \u00e9 o momento de pensar em partido, mas sim no munic\u00edpio\u201d ou\u00e7a: - Not&iacute;cias em Destaque\",\"isPartOf\":{\"@id\":\"https:\/\/noticiasemdestaque.com\/cd\/#website\"},\"primaryImageOfPage\":{\"@id\":\"https:\/\/noticiasemdestaque.com\/cd\/?p=11753#primaryimage\"},\"image\":{\"@id\":\"https:\/\/noticiasemdestaque.com\/cd\/?p=11753#primaryimage\"},\"thumbnailUrl\":\"https:\/\/noticiasemdestaque.com\/cd\/wp-content\/uploads\/2018\/07\/18010515_1158782884244349_2265868922867483365_n.jpg\",\"datePublished\":\"2018-07-30T14:58:53+00:00\",\"dateModified\":\"2018-07-30T15:01:13+00:00\",\"breadcrumb\":{\"@id\":\"https:\/\/noticiasemdestaque.com\/cd\/?p=11753#breadcrumb\"},\"inLanguage\":\"pt-BR\",\"potentialAction\":[{\"@type\":\"ReadAction\",\"target\":[\"https:\/\/noticiasemdestaque.com\/cd\/?p=11753\"]}]},{\"@type\":\"ImageObject\",\"inLanguage\":\"pt-BR\",\"@id\":\"https:\/\/noticiasemdestaque.com\/cd\/?p=11753#primaryimage\",\"url\":\"https:\/\/noticiasemdestaque.com\/cd\/wp-content\/uploads\/2018\/07\/18010515_1158782884244349_2265868922867483365_n.jpg\",\"contentUrl\":\"https:\/\/noticiasemdestaque.com\/cd\/wp-content\/uploads\/2018\/07\/18010515_1158782884244349_2265868922867483365_n.jpg\",\"width\":960,\"height\":720},{\"@type\":\"BreadcrumbList\",\"@id\":\"https:\/\/noticiasemdestaque.com\/cd\/?p=11753#breadcrumb\",\"itemListElement\":[{\"@type\":\"ListItem\",\"position\":1,\"name\":\"In\u00edcio\",\"item\":\"https:\/\/noticiasemdestaque.com\/cd\/\"},{\"@type\":\"ListItem\",\"position\":2,\"name\":\"Exclusivo: Paulo S\u00e9rgio Barros confirma que ir\u00e1 assumir Hospital de Serra Branca, \u201cN\u00e3o \u00e9 o momento de pensar em partido, mas sim no munic\u00edpio\u201d ou\u00e7a:\"}]},{\"@type\":\"WebSite\",\"@id\":\"https:\/\/noticiasemdestaque.com\/cd\/#website\",\"url\":\"https:\/\/noticiasemdestaque.com\/cd\/\",\"name\":\"Not&iacute;cias em Destaque\",\"description\":\"\",\"publisher\":{\"@id\":\"https:\/\/noticiasemdestaque.com\/cd\/#organization\"},\"potentialAction\":[{\"@type\":\"SearchAction\",\"target\":{\"@type\":\"EntryPoint\",\"urlTemplate\":\"https:\/\/noticiasemdestaque.com\/cd\/?s={search_term_string}\"},\"query-input\":{\"@type\":\"PropertyValueSpecification\",\"valueRequired\":true,\"valueName\":\"search_term_string\"}}],\"inLanguage\":\"pt-BR\"},{\"@type\":\"Organization\",\"@id\":\"https:\/\/noticiasemdestaque.com\/cd\/#organization\",\"name\":\"Not\u00edcias em Destaque\",\"url\":\"https:\/\/noticiasemdestaque.com\/cd\/\",\"logo\":{\"@type\":\"ImageObject\",\"inLanguage\":\"pt-BR\",\"@id\":\"https:\/\/noticiasemdestaque.com\/cd\/#\/schema\/logo\/image\/\",\"url\":\"https:\/\/noticiasemdestaque.com\/cd\/wp-content\/uploads\/2022\/05\/imagem-base-noticiasemdestaque.png\",\"contentUrl\":\"https:\/\/noticiasemdestaque.com\/cd\/wp-content\/uploads\/2022\/05\/imagem-base-noticiasemdestaque.png\",\"width\":1200,\"height\":630,\"caption\":\"Not\u00edcias em Destaque\"},\"image\":{\"@id\":\"https:\/\/noticiasemdestaque.com\/cd\/#\/schema\/logo\/image\/\"}},{\"@type\":\"Person\",\"@id\":\"https:\/\/noticiasemdestaque.com\/cd\/#\/schema\/person\/21320b03a7e8bb90128938dafc9b908a\",\"name\":\"Not\u00edcias em Destaque\",\"url\":\"https:\/\/noticiasemdestaque.com\/cd\/?author=2\"}]}<\/script>\n<!-- \/ Yoast SEO plugin. -->","yoast_head_json":{"title":"Exclusivo: Paulo S\u00e9rgio Barros confirma que ir\u00e1 assumir Hospital de Serra Branca, \u201cN\u00e3o \u00e9 o momento de pensar em partido, mas sim no munic\u00edpio\u201d ou\u00e7a: - Not&iacute;cias em Destaque","robots":{"index":"index","follow":"follow","max-snippet":"max-snippet:-1","max-image-preview":"max-image-preview:large","max-video-preview":"max-video-preview:-1"},"canonical":"https:\/\/noticiasemdestaque.com\/cd\/?p=11753","og_locale":"pt_BR","og_type":"article","og_title":"Exclusivo: Paulo S\u00e9rgio Barros confirma que ir\u00e1 assumir Hospital de Serra Branca, \u201cN\u00e3o \u00e9 o momento de pensar em partido, mas sim no munic\u00edpio\u201d ou\u00e7a: - Not&iacute;cias em Destaque","og_description":"O ex-vereador de Serra Branca, Paulo S\u00e9rgio Barros, confirmou em entrevista exclusiva ao Cariri em Destaque, que aceitou o convite do prefeito Souzinha para assumir a dire\u00e7\u00e3o do Hospital do munic\u00edpio. Paulo S\u00e9rgio Barros, comentou ainda, o fato de ser filiado ao PSB, a qual foi candidato a vice-prefeito na chapa do PT em 2016, grupo que hoje faz oposi\u00e7\u00e3o ao atual prefeito. Paulo S\u00e9rgio afirmou que esse \u201cN\u00e3o \u00e9 o momento de pensar em partido e sim no munic\u00edpio\u201d ou\u00e7a: &nbsp; Cariri em Destaque","og_url":"https:\/\/noticiasemdestaque.com\/cd\/?p=11753","og_site_name":"Not&iacute;cias em Destaque","article_published_time":"2018-07-30T14:58:53+00:00","article_modified_time":"2018-07-30T15:01:13+00:00","og_image":[{"width":960,"height":720,"url":"https:\/\/noticiasemdestaque.com\/cd\/wp-content\/uploads\/2018\/07\/18010515_1158782884244349_2265868922867483365_n.jpg","type":"image\/jpeg"}],"author":"Not\u00edcias em Destaque","twitter_card":"summary_large_image","twitter_misc":{"Escrito por":"Not\u00edcias em Destaque","Est. tempo de leitura":"1 minuto"},"schema":{"@context":"https:\/\/schema.org","@graph":[{"@type":"Article","@id":"https:\/\/noticiasemdestaque.com\/cd\/?p=11753#article","isPartOf":{"@id":"https:\/\/noticiasemdestaque.com\/cd\/?p=11753"},"author":{"name":"Not\u00edcias em Destaque","@id":"https:\/\/noticiasemdestaque.com\/cd\/#\/schema\/person\/21320b03a7e8bb90128938dafc9b908a"},"headline":"Exclusivo: Paulo S\u00e9rgio Barros confirma que ir\u00e1 assumir Hospital de Serra Branca, \u201cN\u00e3o \u00e9 o momento de pensar em partido, mas sim no munic\u00edpio\u201d ou\u00e7a:","datePublished":"2018-07-30T14:58:53+00:00","dateModified":"2018-07-30T15:01:13+00:00","mainEntityOfPage":{"@id":"https:\/\/noticiasemdestaque.com\/cd\/?p=11753"},"wordCount":133,"publisher":{"@id":"https:\/\/noticiasemdestaque.com\/cd\/#organization"},"image":{"@id":"https:\/\/noticiasemdestaque.com\/cd\/?p=11753#primaryimage"},"thumbnailUrl":"https:\/\/noticiasemdestaque.com\/cd\/wp-content\/uploads\/2018\/07\/18010515_1158782884244349_2265868922867483365_n.jpg","articleSection":["Pol\u00edtica"],"inLanguage":"pt-BR"},{"@type":"WebPage","@id":"https:\/\/noticiasemdestaque.com\/cd\/?p=11753","url":"https:\/\/noticiasemdestaque.com\/cd\/?p=11753","name":"Exclusivo: Paulo S\u00e9rgio Barros confirma que ir\u00e1 assumir Hospital de Serra Branca, \u201cN\u00e3o \u00e9 o momento de pensar em partido, mas sim no munic\u00edpio\u201d ou\u00e7a: - Not&iacute;cias em Destaque","isPartOf":{"@id":"https:\/\/noticiasemdestaque.com\/cd\/#website"},"primaryImageOfPage":{"@id":"https:\/\/noticiasemdestaque.com\/cd\/?p=11753#primaryimage"},"image":{"@id":"https:\/\/noticiasemdestaque.com\/cd\/?p=11753#primaryimage"},"thumbnailUrl":"https:\/\/noticiasemdestaque.com\/cd\/wp-content\/uploads\/2018\/07\/18010515_1158782884244349_2265868922867483365_n.jpg","datePublished":"2018-07-30T14:58:53+00:00","dateModified":"2018-07-30T15:01:13+00:00","breadcrumb":{"@id":"https:\/\/noticiasemdestaque.com\/cd\/?p=11753#breadcrumb"},"inLanguage":"pt-BR","potentialAction":[{"@type":"ReadAction","target":["https:\/\/noticiasemdestaque.com\/cd\/?p=11753"]}]},{"@type":"ImageObject","inLanguage":"pt-BR","@id":"https:\/\/noticiasemdestaque.com\/cd\/?p=11753#primaryimage","url":"https:\/\/noticiasemdestaque.com\/cd\/wp-content\/uploads\/2018\/07\/18010515_1158782884244349_2265868922867483365_n.jpg","contentUrl":"https:\/\/noticiasemdestaque.com\/cd\/wp-content\/uploads\/2018\/07\/18010515_1158782884244349_2265868922867483365_n.jpg","width":960,"height":720},{"@type":"BreadcrumbList","@id":"https:\/\/noticiasemdestaque.com\/cd\/?p=11753#breadcrumb","itemListElement":[{"@type":"ListItem","position":1,"name":"In\u00edcio","item":"https:\/\/noticiasemdestaque.com\/cd\/"},{"@type":"ListItem","position":2,"name":"Exclusivo: Paulo S\u00e9rgio Barros confirma que ir\u00e1 assumir Hospital de Serra Branca, \u201cN\u00e3o \u00e9 o momento de pensar em partido, mas sim no munic\u00edpio\u201d ou\u00e7a:"}]},{"@type":"WebSite","@id":"https:\/\/noticiasemdestaque.com\/cd\/#website","url":"https:\/\/noticiasemdestaque.com\/cd\/","name":"Not&iacute;cias em Destaque","description":"","publisher":{"@id":"https:\/\/noticiasemdestaque.com\/cd\/#organization"},"potentialAction":[{"@type":"SearchAction","target":{"@type":"EntryPoint","urlTemplate":"https:\/\/noticiasemdestaque.com\/cd\/?s={search_term_string}"},"query-input":{"@type":"PropertyValueSpecification","valueRequired":true,"valueName":"search_term_string"}}],"inLanguage":"pt-BR"},{"@type":"Organization","@id":"https:\/\/noticiasemdestaque.com\/cd\/#organization","name":"Not\u00edcias em Destaque","url":"https:\/\/noticiasemdestaque.com\/cd\/","logo":{"@type":"ImageObject","inLanguage":"pt-BR","@id":"https:\/\/noticiasemdestaque.com\/cd\/#\/schema\/logo\/image\/","url":"https:\/\/noticiasemdestaque.com\/cd\/wp-content\/uploads\/2022\/05\/imagem-base-noticiasemdestaque.png","contentUrl":"https:\/\/noticiasemdestaque.com\/cd\/wp-content\/uploads\/2022\/05\/imagem-base-noticiasemdestaque.png","width":1200,"height":630,"caption":"Not\u00edcias em Destaque"},"image":{"@id":"https:\/\/noticiasemdestaque.com\/cd\/#\/schema\/logo\/image\/"}},{"@type":"Person","@id":"https:\/\/noticiasemdestaque.com\/cd\/#\/schema\/person\/21320b03a7e8bb90128938dafc9b908a","name":"Not\u00edcias em Destaque","url":"https:\/\/noticiasemdestaque.com\/cd\/?author=2"}]}},"jetpack_featured_media_url":"https:\/\/noticiasemdestaque.com\/cd\/wp-content\/uploads\/2018\/07\/18010515_1158782884244349_2265868922867483365_n.jpg","jetpack_sharing_enabled":true,"_links":{"self":[{"href":"https:\/\/noticiasemdestaque.com\/cd\/index.php?rest_route=\/wp\/v2\/posts\/11753","targetHints":{"allow":["GET"]}}],"collection":[{"href":"https:\/\/noticiasemdestaque.com\/cd\/index.php?rest_route=\/wp\/v2\/posts"}],"about":[{"href":"https:\/\/noticiasemdestaque.com\/cd\/index.php?rest_route=\/wp\/v2\/types\/post"}],"author":[{"embeddable":true,"href":"https:\/\/noticiasemdestaque.com\/cd\/index.php?rest_route=\/wp\/v2\/users\/2"}],"replies":[{"embeddable":true,"href":"https:\/\/noticiasemdestaque.com\/cd\/index.php?rest_route=%2Fwp%2Fv2%2Fcomments&post=11753"}],"version-history":[{"count":3,"href":"https:\/\/noticiasemdestaque.com\/cd\/index.php?rest_route=\/wp\/v2\/posts\/11753\/revisions"}],"predecessor-version":[{"id":11759,"href":"https:\/\/noticiasemdestaque.com\/cd\/index.php?rest_route=\/wp\/v2\/posts\/11753\/revisions\/11759"}],"wp:featuredmedia":[{"embeddable":true,"href":"https:\/\/noticiasemdestaque.com\/cd\/index.php?rest_route=\/wp\/v2\/media\/11756"}],"wp:attachment":[{"href":"https:\/\/noticiasemdestaque.com\/cd\/index.php?rest_route=%2Fwp%2Fv2%2Fmedia&parent=11753"}],"wp:term":[{"taxonomy":"category","embeddable":true,"href":"https:\/\/noticiasemdestaque.com\/cd\/index.php?rest_route=%2Fwp%2Fv2%2Fcategories&post=11753"},{"taxonomy":"post_tag","embeddable":true,"href":"https:\/\/noticiasemdestaque.com\/cd\/index.php?rest_route=%2Fwp%2Fv2%2Ftags&post=11753"}],"curies":[{"name":"wp","href":"https:\/\/api.w.org\/{rel}","templated":true}]}}