{"id":1169,"date":"2017-07-02T11:46:54","date_gmt":"2017-07-02T14:46:54","guid":{"rendered":"http:\/\/caririemdestaque.com\/cd\/?p=1169"},"modified":"2017-07-02T11:46:54","modified_gmt":"2017-07-02T14:46:54","slug":"governo-suspende-reajuste-do-bolsa-familia","status":"publish","type":"post","link":"https:\/\/noticiasemdestaque.com\/cd\/?p=1169","title":{"rendered":"Governo suspende reajuste do Bolsa Fam\u00edlia"},"content":{"rendered":"<p><a href=\"http:\/\/caririemdestaque.com\/cd\/wp-content\/uploads\/2017\/07\/foto-da-materia.jpg\"><img fetchpriority=\"high\" decoding=\"async\" class=\"size-medium wp-image-1170 alignleft\" src=\"http:\/\/caririemdestaque.com\/cd\/wp-content\/uploads\/2017\/07\/foto-da-materia-300x200.jpg\" alt=\"\" width=\"300\" height=\"200\" srcset=\"https:\/\/noticiasemdestaque.com\/cd\/wp-content\/uploads\/2017\/07\/foto-da-materia-300x200.jpg 300w, https:\/\/noticiasemdestaque.com\/cd\/wp-content\/uploads\/2017\/07\/foto-da-materia.jpg 400w\" sizes=\"(max-width: 300px) 100vw, 300px\" \/><\/a>O governo suspendeu o reajuste do Bolsa Fam\u00edlia acima da infla\u00e7\u00e3o previsto para entrar em vigor neste m\u00eas de julho. Em maio, o presidente Michel Temer havia dado o aval para o reajuste do programa acima da infla\u00e7\u00e3o acumulada at\u00e9 junho, mas com dificuldades de cumprir a meta fiscal cancelou.<\/p>\n<p>O Minist\u00e9rio do Desenvolvimento Social, respons\u00e1vel pelo pagamento do benef\u00edcio, informou que o Bolsa Fam\u00edlia n\u00e3o ser\u00e1 reajustado neste momento. Originalmente, a ideia era dar aumento de 4,6% no benef\u00edcio, acima da infla\u00e7\u00e3o oficial acumulada em 3,6% nos \u00faltimos 12 meses. Segundo apurou a reportagem, al\u00e9m da escassez de recursos, uma ala do governo considerou que a crise pol\u00edtica &#8220;esconderia&#8221; o an\u00fancio do aumento. A m\u00e9dia do Bolsa Fam\u00edlia \u00e9 de R$ 182 por fam\u00edlia.<\/p>\n<p>De acordo com a revista \u00c9poca, a \u00e1rea econ\u00f4mica governo dissuadiu o presidente a reajustar o benef\u00edcio em meio \u00e0s discuss\u00f5es de medidas para conter os gastos e aumentar as receitas, inclusive com a possibilidade cada vez maior de aumento de impostos para cumprir a meta de d\u00e9ficit de R$ 139 bilh\u00f5es.<\/p>\n<p><strong><em>Cariri em Destaque<\/em><\/strong><\/p>\n<p>Com \u00c9poca<\/p>\n","protected":false},"excerpt":{"rendered":"<p>O governo suspendeu o reajuste do Bolsa Fam\u00edlia acima da infla\u00e7\u00e3o previsto para entrar em vigor neste m\u00eas de julho. Em maio, o presidente Michel Temer havia dado o aval para o reajuste do programa acima da infla\u00e7\u00e3o acumulada at\u00e9 junho, mas com dificuldades de cumprir a meta fiscal cancelou. O Minist\u00e9rio do Desenvolvimento Social, respons\u00e1vel pelo pagamento do benef\u00edcio, informou que o Bolsa Fam\u00edlia n\u00e3o ser\u00e1 reajustado neste momento. Originalmente, a ideia era dar aumento de 4,6% no benef\u00edcio, acima da infla\u00e7\u00e3o oficial acumulada em 3,6% nos \u00faltimos 12 meses. Segundo apurou a reportagem, al\u00e9m da escassez de recursos, uma ala do governo considerou que a crise pol\u00edtica &#8220;esconderia&#8221; o an\u00fancio do aumento. A m\u00e9dia do Bolsa Fam\u00edlia \u00e9 de R$ 182 por fam\u00edlia. De acordo com a revista \u00c9poca, a \u00e1rea econ\u00f4mica governo dissuadiu o presidente a reajustar o benef\u00edcio em meio \u00e0s discuss\u00f5es de medidas para conter os gastos e aumentar as receitas, inclusive com a possibilidade cada vez maior de aumento de impostos para cumprir a meta de d\u00e9ficit de R$ 139 bilh\u00f5es. Cariri em Destaque Com \u00c9poca<\/p>\n","protected":false},"author":2,"featured_media":1170,"comment_status":"closed","ping_status":"open","sticky":false,"template":"","format":"standard","meta":{"_eb_attr":"","_jetpack_memberships_contains_paid_content":false,"footnotes":""},"categories":[11],"tags":[],"class_list":["post-1169","post","type-post","status-publish","format-standard","has-post-thumbnail","hentry","category-economia"],"yoast_head":"<!-- This site is optimized with the Yoast SEO plugin v26.5 - https:\/\/yoast.com\/wordpress\/plugins\/seo\/ -->\n<title>Governo suspende reajuste do Bolsa Fam\u00edlia - Not&iacute;cias em Destaque<\/title>\n<meta name=\"robots\" content=\"index, follow, max-snippet:-1, max-image-preview:large, max-video-preview:-1\" \/>\n<link rel=\"canonical\" href=\"https:\/\/noticiasemdestaque.com\/cd\/?p=1169\" \/>\n<meta property=\"og:locale\" content=\"pt_BR\" \/>\n<meta property=\"og:type\" content=\"article\" \/>\n<meta property=\"og:title\" content=\"Governo suspende reajuste do Bolsa Fam\u00edlia - Not&iacute;cias em Destaque\" \/>\n<meta property=\"og:description\" content=\"O governo suspendeu o reajuste do Bolsa Fam\u00edlia acima da infla\u00e7\u00e3o previsto para entrar em vigor neste m\u00eas de julho. Em maio, o presidente Michel Temer havia dado o aval para o reajuste do programa acima da infla\u00e7\u00e3o acumulada at\u00e9 junho, mas com dificuldades de cumprir a meta fiscal cancelou. O Minist\u00e9rio do Desenvolvimento Social, respons\u00e1vel pelo pagamento do benef\u00edcio, informou que o Bolsa Fam\u00edlia n\u00e3o ser\u00e1 reajustado neste momento. Originalmente, a ideia era dar aumento de 4,6% no benef\u00edcio, acima da infla\u00e7\u00e3o oficial acumulada em 3,6% nos \u00faltimos 12 meses. Segundo apurou a reportagem, al\u00e9m da escassez de recursos, uma ala do governo considerou que a crise pol\u00edtica &#8220;esconderia&#8221; o an\u00fancio do aumento. A m\u00e9dia do Bolsa Fam\u00edlia \u00e9 de R$ 182 por fam\u00edlia. De acordo com a revista \u00c9poca, a \u00e1rea econ\u00f4mica governo dissuadiu o presidente a reajustar o benef\u00edcio em meio \u00e0s discuss\u00f5es de medidas para conter os gastos e aumentar as receitas, inclusive com a possibilidade cada vez maior de aumento de impostos para cumprir a meta de d\u00e9ficit de R$ 139 bilh\u00f5es. Cariri em Destaque Com \u00c9poca\" \/>\n<meta property=\"og:url\" content=\"https:\/\/noticiasemdestaque.com\/cd\/?p=1169\" \/>\n<meta property=\"og:site_name\" content=\"Not&iacute;cias em Destaque\" \/>\n<meta property=\"article:published_time\" content=\"2017-07-02T14:46:54+00:00\" \/>\n<meta property=\"og:image\" content=\"https:\/\/noticiasemdestaque.com\/cd\/wp-content\/uploads\/2017\/07\/foto-da-materia.jpg\" \/>\n\t<meta property=\"og:image:width\" content=\"400\" \/>\n\t<meta property=\"og:image:height\" content=\"267\" \/>\n\t<meta property=\"og:image:type\" content=\"image\/jpeg\" \/>\n<meta name=\"author\" content=\"Not\u00edcias em Destaque\" \/>\n<meta name=\"twitter:card\" content=\"summary_large_image\" \/>\n<meta name=\"twitter:label1\" content=\"Escrito por\" \/>\n\t<meta name=\"twitter:data1\" content=\"Not\u00edcias em Destaque\" \/>\n\t<meta name=\"twitter:label2\" content=\"Est. tempo de leitura\" \/>\n\t<meta name=\"twitter:data2\" content=\"1 minuto\" \/>\n<script type=\"application\/ld+json\" class=\"yoast-schema-graph\">{\"@context\":\"https:\/\/schema.org\",\"@graph\":[{\"@type\":\"Article\",\"@id\":\"https:\/\/noticiasemdestaque.com\/cd\/?p=1169#article\",\"isPartOf\":{\"@id\":\"https:\/\/noticiasemdestaque.com\/cd\/?p=1169\"},\"author\":{\"name\":\"Not\u00edcias em Destaque\",\"@id\":\"https:\/\/noticiasemdestaque.com\/cd\/#\/schema\/person\/45ca272b3e1246ef14ebb78a48dbb218\"},\"headline\":\"Governo suspende reajuste do Bolsa Fam\u00edlia\",\"datePublished\":\"2017-07-02T14:46:54+00:00\",\"mainEntityOfPage\":{\"@id\":\"https:\/\/noticiasemdestaque.com\/cd\/?p=1169\"},\"wordCount\":205,\"publisher\":{\"@id\":\"https:\/\/noticiasemdestaque.com\/cd\/#organization\"},\"image\":{\"@id\":\"https:\/\/noticiasemdestaque.com\/cd\/?p=1169#primaryimage\"},\"thumbnailUrl\":\"https:\/\/noticiasemdestaque.com\/cd\/wp-content\/uploads\/2017\/07\/foto-da-materia.jpg\",\"articleSection\":[\"Economia\"],\"inLanguage\":\"pt-BR\"},{\"@type\":\"WebPage\",\"@id\":\"https:\/\/noticiasemdestaque.com\/cd\/?p=1169\",\"url\":\"https:\/\/noticiasemdestaque.com\/cd\/?p=1169\",\"name\":\"Governo suspende reajuste do Bolsa Fam\u00edlia - Not&iacute;cias em Destaque\",\"isPartOf\":{\"@id\":\"https:\/\/noticiasemdestaque.com\/cd\/#website\"},\"primaryImageOfPage\":{\"@id\":\"https:\/\/noticiasemdestaque.com\/cd\/?p=1169#primaryimage\"},\"image\":{\"@id\":\"https:\/\/noticiasemdestaque.com\/cd\/?p=1169#primaryimage\"},\"thumbnailUrl\":\"https:\/\/noticiasemdestaque.com\/cd\/wp-content\/uploads\/2017\/07\/foto-da-materia.jpg\",\"datePublished\":\"2017-07-02T14:46:54+00:00\",\"breadcrumb\":{\"@id\":\"https:\/\/noticiasemdestaque.com\/cd\/?p=1169#breadcrumb\"},\"inLanguage\":\"pt-BR\",\"potentialAction\":[{\"@type\":\"ReadAction\",\"target\":[\"https:\/\/noticiasemdestaque.com\/cd\/?p=1169\"]}]},{\"@type\":\"ImageObject\",\"inLanguage\":\"pt-BR\",\"@id\":\"https:\/\/noticiasemdestaque.com\/cd\/?p=1169#primaryimage\",\"url\":\"https:\/\/noticiasemdestaque.com\/cd\/wp-content\/uploads\/2017\/07\/foto-da-materia.jpg\",\"contentUrl\":\"https:\/\/noticiasemdestaque.com\/cd\/wp-content\/uploads\/2017\/07\/foto-da-materia.jpg\",\"width\":400,\"height\":267},{\"@type\":\"BreadcrumbList\",\"@id\":\"https:\/\/noticiasemdestaque.com\/cd\/?p=1169#breadcrumb\",\"itemListElement\":[{\"@type\":\"ListItem\",\"position\":1,\"name\":\"In\u00edcio\",\"item\":\"https:\/\/noticiasemdestaque.com\/cd\/\"},{\"@type\":\"ListItem\",\"position\":2,\"name\":\"Governo suspende reajuste do Bolsa Fam\u00edlia\"}]},{\"@type\":\"WebSite\",\"@id\":\"https:\/\/noticiasemdestaque.com\/cd\/#website\",\"url\":\"https:\/\/noticiasemdestaque.com\/cd\/\",\"name\":\"Not&iacute;cias em Destaque\",\"description\":\"\",\"publisher\":{\"@id\":\"https:\/\/noticiasemdestaque.com\/cd\/#organization\"},\"potentialAction\":[{\"@type\":\"SearchAction\",\"target\":{\"@type\":\"EntryPoint\",\"urlTemplate\":\"https:\/\/noticiasemdestaque.com\/cd\/?s={search_term_string}\"},\"query-input\":{\"@type\":\"PropertyValueSpecification\",\"valueRequired\":true,\"valueName\":\"search_term_string\"}}],\"inLanguage\":\"pt-BR\"},{\"@type\":\"Organization\",\"@id\":\"https:\/\/noticiasemdestaque.com\/cd\/#organization\",\"name\":\"Not\u00edcias em Destaque\",\"url\":\"https:\/\/noticiasemdestaque.com\/cd\/\",\"logo\":{\"@type\":\"ImageObject\",\"inLanguage\":\"pt-BR\",\"@id\":\"https:\/\/noticiasemdestaque.com\/cd\/#\/schema\/logo\/image\/\",\"url\":\"https:\/\/noticiasemdestaque.com\/cd\/wp-content\/uploads\/2022\/05\/imagem-base-noticiasemdestaque.png\",\"contentUrl\":\"https:\/\/noticiasemdestaque.com\/cd\/wp-content\/uploads\/2022\/05\/imagem-base-noticiasemdestaque.png\",\"width\":1200,\"height\":630,\"caption\":\"Not\u00edcias em Destaque\"},\"image\":{\"@id\":\"https:\/\/noticiasemdestaque.com\/cd\/#\/schema\/logo\/image\/\"}},{\"@type\":\"Person\",\"@id\":\"https:\/\/noticiasemdestaque.com\/cd\/#\/schema\/person\/45ca272b3e1246ef14ebb78a48dbb218\",\"name\":\"Not\u00edcias em Destaque\",\"url\":\"https:\/\/noticiasemdestaque.com\/cd\/?author=2\"}]}<\/script>\n<!-- \/ Yoast SEO plugin. -->","yoast_head_json":{"title":"Governo suspende reajuste do Bolsa Fam\u00edlia - Not&iacute;cias em Destaque","robots":{"index":"index","follow":"follow","max-snippet":"max-snippet:-1","max-image-preview":"max-image-preview:large","max-video-preview":"max-video-preview:-1"},"canonical":"https:\/\/noticiasemdestaque.com\/cd\/?p=1169","og_locale":"pt_BR","og_type":"article","og_title":"Governo suspende reajuste do Bolsa Fam\u00edlia - Not&iacute;cias em Destaque","og_description":"O governo suspendeu o reajuste do Bolsa Fam\u00edlia acima da infla\u00e7\u00e3o previsto para entrar em vigor neste m\u00eas de julho. Em maio, o presidente Michel Temer havia dado o aval para o reajuste do programa acima da infla\u00e7\u00e3o acumulada at\u00e9 junho, mas com dificuldades de cumprir a meta fiscal cancelou. O Minist\u00e9rio do Desenvolvimento Social, respons\u00e1vel pelo pagamento do benef\u00edcio, informou que o Bolsa Fam\u00edlia n\u00e3o ser\u00e1 reajustado neste momento. Originalmente, a ideia era dar aumento de 4,6% no benef\u00edcio, acima da infla\u00e7\u00e3o oficial acumulada em 3,6% nos \u00faltimos 12 meses. Segundo apurou a reportagem, al\u00e9m da escassez de recursos, uma ala do governo considerou que a crise pol\u00edtica &#8220;esconderia&#8221; o an\u00fancio do aumento. A m\u00e9dia do Bolsa Fam\u00edlia \u00e9 de R$ 182 por fam\u00edlia. De acordo com a revista \u00c9poca, a \u00e1rea econ\u00f4mica governo dissuadiu o presidente a reajustar o benef\u00edcio em meio \u00e0s discuss\u00f5es de medidas para conter os gastos e aumentar as receitas, inclusive com a possibilidade cada vez maior de aumento de impostos para cumprir a meta de d\u00e9ficit de R$ 139 bilh\u00f5es. Cariri em Destaque Com \u00c9poca","og_url":"https:\/\/noticiasemdestaque.com\/cd\/?p=1169","og_site_name":"Not&iacute;cias em Destaque","article_published_time":"2017-07-02T14:46:54+00:00","og_image":[{"width":400,"height":267,"url":"https:\/\/noticiasemdestaque.com\/cd\/wp-content\/uploads\/2017\/07\/foto-da-materia.jpg","type":"image\/jpeg"}],"author":"Not\u00edcias em Destaque","twitter_card":"summary_large_image","twitter_misc":{"Escrito por":"Not\u00edcias em Destaque","Est. tempo de leitura":"1 minuto"},"schema":{"@context":"https:\/\/schema.org","@graph":[{"@type":"Article","@id":"https:\/\/noticiasemdestaque.com\/cd\/?p=1169#article","isPartOf":{"@id":"https:\/\/noticiasemdestaque.com\/cd\/?p=1169"},"author":{"name":"Not\u00edcias em Destaque","@id":"https:\/\/noticiasemdestaque.com\/cd\/#\/schema\/person\/45ca272b3e1246ef14ebb78a48dbb218"},"headline":"Governo suspende reajuste do Bolsa Fam\u00edlia","datePublished":"2017-07-02T14:46:54+00:00","mainEntityOfPage":{"@id":"https:\/\/noticiasemdestaque.com\/cd\/?p=1169"},"wordCount":205,"publisher":{"@id":"https:\/\/noticiasemdestaque.com\/cd\/#organization"},"image":{"@id":"https:\/\/noticiasemdestaque.com\/cd\/?p=1169#primaryimage"},"thumbnailUrl":"https:\/\/noticiasemdestaque.com\/cd\/wp-content\/uploads\/2017\/07\/foto-da-materia.jpg","articleSection":["Economia"],"inLanguage":"pt-BR"},{"@type":"WebPage","@id":"https:\/\/noticiasemdestaque.com\/cd\/?p=1169","url":"https:\/\/noticiasemdestaque.com\/cd\/?p=1169","name":"Governo suspende reajuste do Bolsa Fam\u00edlia - Not&iacute;cias em Destaque","isPartOf":{"@id":"https:\/\/noticiasemdestaque.com\/cd\/#website"},"primaryImageOfPage":{"@id":"https:\/\/noticiasemdestaque.com\/cd\/?p=1169#primaryimage"},"image":{"@id":"https:\/\/noticiasemdestaque.com\/cd\/?p=1169#primaryimage"},"thumbnailUrl":"https:\/\/noticiasemdestaque.com\/cd\/wp-content\/uploads\/2017\/07\/foto-da-materia.jpg","datePublished":"2017-07-02T14:46:54+00:00","breadcrumb":{"@id":"https:\/\/noticiasemdestaque.com\/cd\/?p=1169#breadcrumb"},"inLanguage":"pt-BR","potentialAction":[{"@type":"ReadAction","target":["https:\/\/noticiasemdestaque.com\/cd\/?p=1169"]}]},{"@type":"ImageObject","inLanguage":"pt-BR","@id":"https:\/\/noticiasemdestaque.com\/cd\/?p=1169#primaryimage","url":"https:\/\/noticiasemdestaque.com\/cd\/wp-content\/uploads\/2017\/07\/foto-da-materia.jpg","contentUrl":"https:\/\/noticiasemdestaque.com\/cd\/wp-content\/uploads\/2017\/07\/foto-da-materia.jpg","width":400,"height":267},{"@type":"BreadcrumbList","@id":"https:\/\/noticiasemdestaque.com\/cd\/?p=1169#breadcrumb","itemListElement":[{"@type":"ListItem","position":1,"name":"In\u00edcio","item":"https:\/\/noticiasemdestaque.com\/cd\/"},{"@type":"ListItem","position":2,"name":"Governo suspende reajuste do Bolsa Fam\u00edlia"}]},{"@type":"WebSite","@id":"https:\/\/noticiasemdestaque.com\/cd\/#website","url":"https:\/\/noticiasemdestaque.com\/cd\/","name":"Not&iacute;cias em Destaque","description":"","publisher":{"@id":"https:\/\/noticiasemdestaque.com\/cd\/#organization"},"potentialAction":[{"@type":"SearchAction","target":{"@type":"EntryPoint","urlTemplate":"https:\/\/noticiasemdestaque.com\/cd\/?s={search_term_string}"},"query-input":{"@type":"PropertyValueSpecification","valueRequired":true,"valueName":"search_term_string"}}],"inLanguage":"pt-BR"},{"@type":"Organization","@id":"https:\/\/noticiasemdestaque.com\/cd\/#organization","name":"Not\u00edcias em Destaque","url":"https:\/\/noticiasemdestaque.com\/cd\/","logo":{"@type":"ImageObject","inLanguage":"pt-BR","@id":"https:\/\/noticiasemdestaque.com\/cd\/#\/schema\/logo\/image\/","url":"https:\/\/noticiasemdestaque.com\/cd\/wp-content\/uploads\/2022\/05\/imagem-base-noticiasemdestaque.png","contentUrl":"https:\/\/noticiasemdestaque.com\/cd\/wp-content\/uploads\/2022\/05\/imagem-base-noticiasemdestaque.png","width":1200,"height":630,"caption":"Not\u00edcias em Destaque"},"image":{"@id":"https:\/\/noticiasemdestaque.com\/cd\/#\/schema\/logo\/image\/"}},{"@type":"Person","@id":"https:\/\/noticiasemdestaque.com\/cd\/#\/schema\/person\/45ca272b3e1246ef14ebb78a48dbb218","name":"Not\u00edcias em Destaque","url":"https:\/\/noticiasemdestaque.com\/cd\/?author=2"}]}},"jetpack_featured_media_url":"https:\/\/noticiasemdestaque.com\/cd\/wp-content\/uploads\/2017\/07\/foto-da-materia.jpg","jetpack_sharing_enabled":true,"_links":{"self":[{"href":"https:\/\/noticiasemdestaque.com\/cd\/index.php?rest_route=\/wp\/v2\/posts\/1169","targetHints":{"allow":["GET"]}}],"collection":[{"href":"https:\/\/noticiasemdestaque.com\/cd\/index.php?rest_route=\/wp\/v2\/posts"}],"about":[{"href":"https:\/\/noticiasemdestaque.com\/cd\/index.php?rest_route=\/wp\/v2\/types\/post"}],"author":[{"embeddable":true,"href":"https:\/\/noticiasemdestaque.com\/cd\/index.php?rest_route=\/wp\/v2\/users\/2"}],"replies":[{"embeddable":true,"href":"https:\/\/noticiasemdestaque.com\/cd\/index.php?rest_route=%2Fwp%2Fv2%2Fcomments&post=1169"}],"version-history":[{"count":1,"href":"https:\/\/noticiasemdestaque.com\/cd\/index.php?rest_route=\/wp\/v2\/posts\/1169\/revisions"}],"predecessor-version":[{"id":1171,"href":"https:\/\/noticiasemdestaque.com\/cd\/index.php?rest_route=\/wp\/v2\/posts\/1169\/revisions\/1171"}],"wp:featuredmedia":[{"embeddable":true,"href":"https:\/\/noticiasemdestaque.com\/cd\/index.php?rest_route=\/wp\/v2\/media\/1170"}],"wp:attachment":[{"href":"https:\/\/noticiasemdestaque.com\/cd\/index.php?rest_route=%2Fwp%2Fv2%2Fmedia&parent=1169"}],"wp:term":[{"taxonomy":"category","embeddable":true,"href":"https:\/\/noticiasemdestaque.com\/cd\/index.php?rest_route=%2Fwp%2Fv2%2Fcategories&post=1169"},{"taxonomy":"post_tag","embeddable":true,"href":"https:\/\/noticiasemdestaque.com\/cd\/index.php?rest_route=%2Fwp%2Fv2%2Ftags&post=1169"}],"curies":[{"name":"wp","href":"https:\/\/api.w.org\/{rel}","templated":true}]}}