{"id":11410,"date":"2018-07-14T10:33:16","date_gmt":"2018-07-14T13:33:16","guid":{"rendered":"http:\/\/caririemdestaque.com\/cd\/?p=11410"},"modified":"2018-07-14T10:33:16","modified_gmt":"2018-07-14T13:33:16","slug":"forro-kent-e-farra-dos-600-sao-atracoes-deste-sabado-da-2a-edicao-do-amparo-cabra-fest","status":"publish","type":"post","link":"https:\/\/noticiasemdestaque.com\/cd\/?p=11410","title":{"rendered":"Forr\u00f3 Kent e Farra dos 600 s\u00e3o atra\u00e7\u00f5es deste s\u00e1bado da 2\u00aa edi\u00e7\u00e3o do Amparo Cabra Fest"},"content":{"rendered":"<p><a href=\"http:\/\/caririemdestaque.com\/cd\/wp-content\/uploads\/2018\/06\/AMPARO-CABRA-FEST-2.jpg\"><img fetchpriority=\"high\" decoding=\"async\" class=\"alignnone wp-image-10868 size-large\" src=\"http:\/\/caririemdestaque.com\/cd\/wp-content\/uploads\/2018\/06\/AMPARO-CABRA-FEST-2-1024x1024.jpg\" alt=\"\" width=\"1024\" height=\"1024\" srcset=\"https:\/\/noticiasemdestaque.com\/cd\/wp-content\/uploads\/2018\/06\/AMPARO-CABRA-FEST-2-1024x1024.jpg 1024w, https:\/\/noticiasemdestaque.com\/cd\/wp-content\/uploads\/2018\/06\/AMPARO-CABRA-FEST-2-150x150.jpg 150w, https:\/\/noticiasemdestaque.com\/cd\/wp-content\/uploads\/2018\/06\/AMPARO-CABRA-FEST-2-300x300.jpg 300w, https:\/\/noticiasemdestaque.com\/cd\/wp-content\/uploads\/2018\/06\/AMPARO-CABRA-FEST-2-768x768.jpg 768w, https:\/\/noticiasemdestaque.com\/cd\/wp-content\/uploads\/2018\/06\/AMPARO-CABRA-FEST-2.jpg 1280w\" sizes=\"(max-width: 1024px) 100vw, 1024px\" \/><\/a><\/p>\n<p>Com uma programa\u00e7\u00e3o voltada aos produtores de caprinos da regi\u00e3o do cariri paraibano e com shows em Pra\u00e7a p\u00fablica, continua neste s\u00e1bado o 3\u00b0 dia do Amparo Cabra Fest 2018:<\/p>\n<p><strong>CONFIRA A PROGRAMA\u00c7\u00c3O:<\/strong><\/p>\n<p>06h00min \u2013 Torneio de Cabras Leiteiras (1\u00aa Ordenha as 06:00h), (2\u00aa Ordenha as 18:00h);<\/p>\n<p>08h00min \u2013 Desfile e julgamentos dos animais de pista;<\/p>\n<p>08:00h \u00e0s 13:00h \u2013 Cl\u00ednicas \/ Palestras (Espa\u00e7o t\u00e9cnico);<\/p>\n<p>08 h00min \u00e0s 13 h00min &#8211; Visita\u00e7\u00f5es, Financiamentos, Espa\u00e7o Agrocultural com Gastronomia Regional e Artesanato;<\/p>\n<p>08h00min \u00e0s 17h00min \u2013 Processo de Comercializa\u00e7\u00e3o de Animais;<\/p>\n<p>17h00min \u00e0s 22h00min \u2013 Pra\u00e7a de Alimenta\u00e7\u00e3o Forr\u00f3 P\u00e9 de Serra;<\/p>\n<p>22h00min \u2013 Espa\u00e7o Cultural &#8211; Shows: Forr\u00f3 Kent e Farra dos 600<\/p>\n<p><strong><em>Cariri em Destaque<\/em><\/strong><\/p>\n","protected":false},"excerpt":{"rendered":"<p>Com uma programa\u00e7\u00e3o voltada aos produtores de caprinos da regi\u00e3o do cariri paraibano e com shows em Pra\u00e7a p\u00fablica, continua neste s\u00e1bado o 3\u00b0 dia do Amparo Cabra Fest 2018: CONFIRA A PROGRAMA\u00c7\u00c3O: 06h00min \u2013 Torneio de Cabras Leiteiras (1\u00aa Ordenha as 06:00h), (2\u00aa Ordenha as 18:00h); 08h00min \u2013 Desfile e julgamentos dos animais de pista; 08:00h \u00e0s 13:00h \u2013 Cl\u00ednicas \/ Palestras (Espa\u00e7o t\u00e9cnico); 08 h00min \u00e0s 13 h00min &#8211; Visita\u00e7\u00f5es, Financiamentos, Espa\u00e7o Agrocultural com Gastronomia Regional e Artesanato; 08h00min \u00e0s 17h00min \u2013 Processo de Comercializa\u00e7\u00e3o de Animais; 17h00min \u00e0s 22h00min \u2013 Pra\u00e7a de Alimenta\u00e7\u00e3o Forr\u00f3 P\u00e9 de Serra; 22h00min \u2013 Espa\u00e7o Cultural &#8211; Shows: Forr\u00f3 Kent e Farra dos 600 Cariri em Destaque<\/p>\n","protected":false},"author":2,"featured_media":10868,"comment_status":"closed","ping_status":"open","sticky":false,"template":"","format":"standard","meta":{"_eb_attr":"","_jetpack_memberships_contains_paid_content":false,"footnotes":""},"categories":[3],"tags":[],"class_list":["post-11410","post","type-post","status-publish","format-standard","has-post-thumbnail","hentry","category-cidades"],"yoast_head":"<!-- This site is optimized with the Yoast SEO plugin v26.5 - https:\/\/yoast.com\/wordpress\/plugins\/seo\/ -->\n<title>Forr\u00f3 Kent e Farra dos 600 s\u00e3o atra\u00e7\u00f5es deste s\u00e1bado da 2\u00aa edi\u00e7\u00e3o do Amparo Cabra Fest - Not&iacute;cias em Destaque<\/title>\n<meta name=\"robots\" content=\"index, follow, max-snippet:-1, max-image-preview:large, max-video-preview:-1\" \/>\n<link rel=\"canonical\" href=\"https:\/\/noticiasemdestaque.com\/cd\/?p=11410\" \/>\n<meta property=\"og:locale\" content=\"pt_BR\" \/>\n<meta property=\"og:type\" content=\"article\" \/>\n<meta property=\"og:title\" content=\"Forr\u00f3 Kent e Farra dos 600 s\u00e3o atra\u00e7\u00f5es deste s\u00e1bado da 2\u00aa edi\u00e7\u00e3o do Amparo Cabra Fest - Not&iacute;cias em Destaque\" \/>\n<meta property=\"og:description\" content=\"Com uma programa\u00e7\u00e3o voltada aos produtores de caprinos da regi\u00e3o do cariri paraibano e com shows em Pra\u00e7a p\u00fablica, continua neste s\u00e1bado o 3\u00b0 dia do Amparo Cabra Fest 2018: CONFIRA A PROGRAMA\u00c7\u00c3O: 06h00min \u2013 Torneio de Cabras Leiteiras (1\u00aa Ordenha as 06:00h), (2\u00aa Ordenha as 18:00h); 08h00min \u2013 Desfile e julgamentos dos animais de pista; 08:00h \u00e0s 13:00h \u2013 Cl\u00ednicas \/ Palestras (Espa\u00e7o t\u00e9cnico); 08 h00min \u00e0s 13 h00min &#8211; Visita\u00e7\u00f5es, Financiamentos, Espa\u00e7o Agrocultural com Gastronomia Regional e Artesanato; 08h00min \u00e0s 17h00min \u2013 Processo de Comercializa\u00e7\u00e3o de Animais; 17h00min \u00e0s 22h00min \u2013 Pra\u00e7a de Alimenta\u00e7\u00e3o Forr\u00f3 P\u00e9 de Serra; 22h00min \u2013 Espa\u00e7o Cultural &#8211; Shows: Forr\u00f3 Kent e Farra dos 600 Cariri em Destaque\" \/>\n<meta property=\"og:url\" content=\"https:\/\/noticiasemdestaque.com\/cd\/?p=11410\" \/>\n<meta property=\"og:site_name\" content=\"Not&iacute;cias em Destaque\" \/>\n<meta property=\"article:published_time\" content=\"2018-07-14T13:33:16+00:00\" \/>\n<meta property=\"og:image\" content=\"https:\/\/noticiasemdestaque.com\/cd\/wp-content\/uploads\/2018\/06\/AMPARO-CABRA-FEST-2.jpg\" \/>\n\t<meta property=\"og:image:width\" content=\"1280\" \/>\n\t<meta property=\"og:image:height\" content=\"1280\" \/>\n\t<meta property=\"og:image:type\" content=\"image\/jpeg\" \/>\n<meta name=\"author\" content=\"Not\u00edcias em Destaque\" \/>\n<meta name=\"twitter:card\" content=\"summary_large_image\" \/>\n<meta name=\"twitter:label1\" content=\"Escrito por\" \/>\n\t<meta name=\"twitter:data1\" content=\"Not\u00edcias em Destaque\" \/>\n\t<meta name=\"twitter:label2\" content=\"Est. tempo de leitura\" \/>\n\t<meta name=\"twitter:data2\" content=\"1 minuto\" \/>\n<script type=\"application\/ld+json\" class=\"yoast-schema-graph\">{\"@context\":\"https:\/\/schema.org\",\"@graph\":[{\"@type\":\"Article\",\"@id\":\"https:\/\/noticiasemdestaque.com\/cd\/?p=11410#article\",\"isPartOf\":{\"@id\":\"https:\/\/noticiasemdestaque.com\/cd\/?p=11410\"},\"author\":{\"name\":\"Not\u00edcias em Destaque\",\"@id\":\"https:\/\/noticiasemdestaque.com\/cd\/#\/schema\/person\/47f7d4f55eec17c6b2ca036c5500f6ce\"},\"headline\":\"Forr\u00f3 Kent e Farra dos 600 s\u00e3o atra\u00e7\u00f5es deste s\u00e1bado da 2\u00aa edi\u00e7\u00e3o do Amparo Cabra Fest\",\"datePublished\":\"2018-07-14T13:33:16+00:00\",\"mainEntityOfPage\":{\"@id\":\"https:\/\/noticiasemdestaque.com\/cd\/?p=11410\"},\"wordCount\":144,\"publisher\":{\"@id\":\"https:\/\/noticiasemdestaque.com\/cd\/#organization\"},\"image\":{\"@id\":\"https:\/\/noticiasemdestaque.com\/cd\/?p=11410#primaryimage\"},\"thumbnailUrl\":\"https:\/\/noticiasemdestaque.com\/cd\/wp-content\/uploads\/2018\/06\/AMPARO-CABRA-FEST-2.jpg\",\"articleSection\":[\"Cidades\"],\"inLanguage\":\"pt-BR\"},{\"@type\":\"WebPage\",\"@id\":\"https:\/\/noticiasemdestaque.com\/cd\/?p=11410\",\"url\":\"https:\/\/noticiasemdestaque.com\/cd\/?p=11410\",\"name\":\"Forr\u00f3 Kent e Farra dos 600 s\u00e3o atra\u00e7\u00f5es deste s\u00e1bado da 2\u00aa edi\u00e7\u00e3o do Amparo Cabra Fest - Not&iacute;cias em Destaque\",\"isPartOf\":{\"@id\":\"https:\/\/noticiasemdestaque.com\/cd\/#website\"},\"primaryImageOfPage\":{\"@id\":\"https:\/\/noticiasemdestaque.com\/cd\/?p=11410#primaryimage\"},\"image\":{\"@id\":\"https:\/\/noticiasemdestaque.com\/cd\/?p=11410#primaryimage\"},\"thumbnailUrl\":\"https:\/\/noticiasemdestaque.com\/cd\/wp-content\/uploads\/2018\/06\/AMPARO-CABRA-FEST-2.jpg\",\"datePublished\":\"2018-07-14T13:33:16+00:00\",\"breadcrumb\":{\"@id\":\"https:\/\/noticiasemdestaque.com\/cd\/?p=11410#breadcrumb\"},\"inLanguage\":\"pt-BR\",\"potentialAction\":[{\"@type\":\"ReadAction\",\"target\":[\"https:\/\/noticiasemdestaque.com\/cd\/?p=11410\"]}]},{\"@type\":\"ImageObject\",\"inLanguage\":\"pt-BR\",\"@id\":\"https:\/\/noticiasemdestaque.com\/cd\/?p=11410#primaryimage\",\"url\":\"https:\/\/noticiasemdestaque.com\/cd\/wp-content\/uploads\/2018\/06\/AMPARO-CABRA-FEST-2.jpg\",\"contentUrl\":\"https:\/\/noticiasemdestaque.com\/cd\/wp-content\/uploads\/2018\/06\/AMPARO-CABRA-FEST-2.jpg\",\"width\":1280,\"height\":1280},{\"@type\":\"BreadcrumbList\",\"@id\":\"https:\/\/noticiasemdestaque.com\/cd\/?p=11410#breadcrumb\",\"itemListElement\":[{\"@type\":\"ListItem\",\"position\":1,\"name\":\"In\u00edcio\",\"item\":\"https:\/\/noticiasemdestaque.com\/cd\/\"},{\"@type\":\"ListItem\",\"position\":2,\"name\":\"Forr\u00f3 Kent e Farra dos 600 s\u00e3o atra\u00e7\u00f5es deste s\u00e1bado da 2\u00aa edi\u00e7\u00e3o do Amparo Cabra Fest\"}]},{\"@type\":\"WebSite\",\"@id\":\"https:\/\/noticiasemdestaque.com\/cd\/#website\",\"url\":\"https:\/\/noticiasemdestaque.com\/cd\/\",\"name\":\"Not&iacute;cias em Destaque\",\"description\":\"\",\"publisher\":{\"@id\":\"https:\/\/noticiasemdestaque.com\/cd\/#organization\"},\"potentialAction\":[{\"@type\":\"SearchAction\",\"target\":{\"@type\":\"EntryPoint\",\"urlTemplate\":\"https:\/\/noticiasemdestaque.com\/cd\/?s={search_term_string}\"},\"query-input\":{\"@type\":\"PropertyValueSpecification\",\"valueRequired\":true,\"valueName\":\"search_term_string\"}}],\"inLanguage\":\"pt-BR\"},{\"@type\":\"Organization\",\"@id\":\"https:\/\/noticiasemdestaque.com\/cd\/#organization\",\"name\":\"Not\u00edcias em Destaque\",\"url\":\"https:\/\/noticiasemdestaque.com\/cd\/\",\"logo\":{\"@type\":\"ImageObject\",\"inLanguage\":\"pt-BR\",\"@id\":\"https:\/\/noticiasemdestaque.com\/cd\/#\/schema\/logo\/image\/\",\"url\":\"https:\/\/noticiasemdestaque.com\/cd\/wp-content\/uploads\/2022\/05\/imagem-base-noticiasemdestaque.png\",\"contentUrl\":\"https:\/\/noticiasemdestaque.com\/cd\/wp-content\/uploads\/2022\/05\/imagem-base-noticiasemdestaque.png\",\"width\":1200,\"height\":630,\"caption\":\"Not\u00edcias em Destaque\"},\"image\":{\"@id\":\"https:\/\/noticiasemdestaque.com\/cd\/#\/schema\/logo\/image\/\"}},{\"@type\":\"Person\",\"@id\":\"https:\/\/noticiasemdestaque.com\/cd\/#\/schema\/person\/47f7d4f55eec17c6b2ca036c5500f6ce\",\"name\":\"Not\u00edcias em Destaque\",\"url\":\"https:\/\/noticiasemdestaque.com\/cd\/?author=2\"}]}<\/script>\n<!-- \/ Yoast SEO plugin. -->","yoast_head_json":{"title":"Forr\u00f3 Kent e Farra dos 600 s\u00e3o atra\u00e7\u00f5es deste s\u00e1bado da 2\u00aa edi\u00e7\u00e3o do Amparo Cabra Fest - Not&iacute;cias em Destaque","robots":{"index":"index","follow":"follow","max-snippet":"max-snippet:-1","max-image-preview":"max-image-preview:large","max-video-preview":"max-video-preview:-1"},"canonical":"https:\/\/noticiasemdestaque.com\/cd\/?p=11410","og_locale":"pt_BR","og_type":"article","og_title":"Forr\u00f3 Kent e Farra dos 600 s\u00e3o atra\u00e7\u00f5es deste s\u00e1bado da 2\u00aa edi\u00e7\u00e3o do Amparo Cabra Fest - Not&iacute;cias em Destaque","og_description":"Com uma programa\u00e7\u00e3o voltada aos produtores de caprinos da regi\u00e3o do cariri paraibano e com shows em Pra\u00e7a p\u00fablica, continua neste s\u00e1bado o 3\u00b0 dia do Amparo Cabra Fest 2018: CONFIRA A PROGRAMA\u00c7\u00c3O: 06h00min \u2013 Torneio de Cabras Leiteiras (1\u00aa Ordenha as 06:00h), (2\u00aa Ordenha as 18:00h); 08h00min \u2013 Desfile e julgamentos dos animais de pista; 08:00h \u00e0s 13:00h \u2013 Cl\u00ednicas \/ Palestras (Espa\u00e7o t\u00e9cnico); 08 h00min \u00e0s 13 h00min &#8211; Visita\u00e7\u00f5es, Financiamentos, Espa\u00e7o Agrocultural com Gastronomia Regional e Artesanato; 08h00min \u00e0s 17h00min \u2013 Processo de Comercializa\u00e7\u00e3o de Animais; 17h00min \u00e0s 22h00min \u2013 Pra\u00e7a de Alimenta\u00e7\u00e3o Forr\u00f3 P\u00e9 de Serra; 22h00min \u2013 Espa\u00e7o Cultural &#8211; Shows: Forr\u00f3 Kent e Farra dos 600 Cariri em Destaque","og_url":"https:\/\/noticiasemdestaque.com\/cd\/?p=11410","og_site_name":"Not&iacute;cias em Destaque","article_published_time":"2018-07-14T13:33:16+00:00","og_image":[{"width":1280,"height":1280,"url":"https:\/\/noticiasemdestaque.com\/cd\/wp-content\/uploads\/2018\/06\/AMPARO-CABRA-FEST-2.jpg","type":"image\/jpeg"}],"author":"Not\u00edcias em Destaque","twitter_card":"summary_large_image","twitter_misc":{"Escrito por":"Not\u00edcias em Destaque","Est. tempo de leitura":"1 minuto"},"schema":{"@context":"https:\/\/schema.org","@graph":[{"@type":"Article","@id":"https:\/\/noticiasemdestaque.com\/cd\/?p=11410#article","isPartOf":{"@id":"https:\/\/noticiasemdestaque.com\/cd\/?p=11410"},"author":{"name":"Not\u00edcias em Destaque","@id":"https:\/\/noticiasemdestaque.com\/cd\/#\/schema\/person\/47f7d4f55eec17c6b2ca036c5500f6ce"},"headline":"Forr\u00f3 Kent e Farra dos 600 s\u00e3o atra\u00e7\u00f5es deste s\u00e1bado da 2\u00aa edi\u00e7\u00e3o do Amparo Cabra Fest","datePublished":"2018-07-14T13:33:16+00:00","mainEntityOfPage":{"@id":"https:\/\/noticiasemdestaque.com\/cd\/?p=11410"},"wordCount":144,"publisher":{"@id":"https:\/\/noticiasemdestaque.com\/cd\/#organization"},"image":{"@id":"https:\/\/noticiasemdestaque.com\/cd\/?p=11410#primaryimage"},"thumbnailUrl":"https:\/\/noticiasemdestaque.com\/cd\/wp-content\/uploads\/2018\/06\/AMPARO-CABRA-FEST-2.jpg","articleSection":["Cidades"],"inLanguage":"pt-BR"},{"@type":"WebPage","@id":"https:\/\/noticiasemdestaque.com\/cd\/?p=11410","url":"https:\/\/noticiasemdestaque.com\/cd\/?p=11410","name":"Forr\u00f3 Kent e Farra dos 600 s\u00e3o atra\u00e7\u00f5es deste s\u00e1bado da 2\u00aa edi\u00e7\u00e3o do Amparo Cabra Fest - Not&iacute;cias em Destaque","isPartOf":{"@id":"https:\/\/noticiasemdestaque.com\/cd\/#website"},"primaryImageOfPage":{"@id":"https:\/\/noticiasemdestaque.com\/cd\/?p=11410#primaryimage"},"image":{"@id":"https:\/\/noticiasemdestaque.com\/cd\/?p=11410#primaryimage"},"thumbnailUrl":"https:\/\/noticiasemdestaque.com\/cd\/wp-content\/uploads\/2018\/06\/AMPARO-CABRA-FEST-2.jpg","datePublished":"2018-07-14T13:33:16+00:00","breadcrumb":{"@id":"https:\/\/noticiasemdestaque.com\/cd\/?p=11410#breadcrumb"},"inLanguage":"pt-BR","potentialAction":[{"@type":"ReadAction","target":["https:\/\/noticiasemdestaque.com\/cd\/?p=11410"]}]},{"@type":"ImageObject","inLanguage":"pt-BR","@id":"https:\/\/noticiasemdestaque.com\/cd\/?p=11410#primaryimage","url":"https:\/\/noticiasemdestaque.com\/cd\/wp-content\/uploads\/2018\/06\/AMPARO-CABRA-FEST-2.jpg","contentUrl":"https:\/\/noticiasemdestaque.com\/cd\/wp-content\/uploads\/2018\/06\/AMPARO-CABRA-FEST-2.jpg","width":1280,"height":1280},{"@type":"BreadcrumbList","@id":"https:\/\/noticiasemdestaque.com\/cd\/?p=11410#breadcrumb","itemListElement":[{"@type":"ListItem","position":1,"name":"In\u00edcio","item":"https:\/\/noticiasemdestaque.com\/cd\/"},{"@type":"ListItem","position":2,"name":"Forr\u00f3 Kent e Farra dos 600 s\u00e3o atra\u00e7\u00f5es deste s\u00e1bado da 2\u00aa edi\u00e7\u00e3o do Amparo Cabra Fest"}]},{"@type":"WebSite","@id":"https:\/\/noticiasemdestaque.com\/cd\/#website","url":"https:\/\/noticiasemdestaque.com\/cd\/","name":"Not&iacute;cias em Destaque","description":"","publisher":{"@id":"https:\/\/noticiasemdestaque.com\/cd\/#organization"},"potentialAction":[{"@type":"SearchAction","target":{"@type":"EntryPoint","urlTemplate":"https:\/\/noticiasemdestaque.com\/cd\/?s={search_term_string}"},"query-input":{"@type":"PropertyValueSpecification","valueRequired":true,"valueName":"search_term_string"}}],"inLanguage":"pt-BR"},{"@type":"Organization","@id":"https:\/\/noticiasemdestaque.com\/cd\/#organization","name":"Not\u00edcias em Destaque","url":"https:\/\/noticiasemdestaque.com\/cd\/","logo":{"@type":"ImageObject","inLanguage":"pt-BR","@id":"https:\/\/noticiasemdestaque.com\/cd\/#\/schema\/logo\/image\/","url":"https:\/\/noticiasemdestaque.com\/cd\/wp-content\/uploads\/2022\/05\/imagem-base-noticiasemdestaque.png","contentUrl":"https:\/\/noticiasemdestaque.com\/cd\/wp-content\/uploads\/2022\/05\/imagem-base-noticiasemdestaque.png","width":1200,"height":630,"caption":"Not\u00edcias em Destaque"},"image":{"@id":"https:\/\/noticiasemdestaque.com\/cd\/#\/schema\/logo\/image\/"}},{"@type":"Person","@id":"https:\/\/noticiasemdestaque.com\/cd\/#\/schema\/person\/47f7d4f55eec17c6b2ca036c5500f6ce","name":"Not\u00edcias em Destaque","url":"https:\/\/noticiasemdestaque.com\/cd\/?author=2"}]}},"jetpack_featured_media_url":"https:\/\/noticiasemdestaque.com\/cd\/wp-content\/uploads\/2018\/06\/AMPARO-CABRA-FEST-2.jpg","jetpack_sharing_enabled":true,"_links":{"self":[{"href":"https:\/\/noticiasemdestaque.com\/cd\/index.php?rest_route=\/wp\/v2\/posts\/11410","targetHints":{"allow":["GET"]}}],"collection":[{"href":"https:\/\/noticiasemdestaque.com\/cd\/index.php?rest_route=\/wp\/v2\/posts"}],"about":[{"href":"https:\/\/noticiasemdestaque.com\/cd\/index.php?rest_route=\/wp\/v2\/types\/post"}],"author":[{"embeddable":true,"href":"https:\/\/noticiasemdestaque.com\/cd\/index.php?rest_route=\/wp\/v2\/users\/2"}],"replies":[{"embeddable":true,"href":"https:\/\/noticiasemdestaque.com\/cd\/index.php?rest_route=%2Fwp%2Fv2%2Fcomments&post=11410"}],"version-history":[{"count":1,"href":"https:\/\/noticiasemdestaque.com\/cd\/index.php?rest_route=\/wp\/v2\/posts\/11410\/revisions"}],"predecessor-version":[{"id":11411,"href":"https:\/\/noticiasemdestaque.com\/cd\/index.php?rest_route=\/wp\/v2\/posts\/11410\/revisions\/11411"}],"wp:featuredmedia":[{"embeddable":true,"href":"https:\/\/noticiasemdestaque.com\/cd\/index.php?rest_route=\/wp\/v2\/media\/10868"}],"wp:attachment":[{"href":"https:\/\/noticiasemdestaque.com\/cd\/index.php?rest_route=%2Fwp%2Fv2%2Fmedia&parent=11410"}],"wp:term":[{"taxonomy":"category","embeddable":true,"href":"https:\/\/noticiasemdestaque.com\/cd\/index.php?rest_route=%2Fwp%2Fv2%2Fcategories&post=11410"},{"taxonomy":"post_tag","embeddable":true,"href":"https:\/\/noticiasemdestaque.com\/cd\/index.php?rest_route=%2Fwp%2Fv2%2Ftags&post=11410"}],"curies":[{"name":"wp","href":"https:\/\/api.w.org\/{rel}","templated":true}]}}