{"id":1094,"date":"2017-06-29T19:07:57","date_gmt":"2017-06-29T22:07:57","guid":{"rendered":"http:\/\/caririemdestaque.com\/cd\/?p=1094"},"modified":"2017-06-29T19:07:57","modified_gmt":"2017-06-29T22:07:57","slug":"temer-e-notificado-pela-camara-sobre-denuncia-da-pgr-por-corrupcao-passiva","status":"publish","type":"post","link":"https:\/\/noticiasemdestaque.com\/cd\/?p=1094","title":{"rendered":"Temer \u00e9 notificado pela C\u00e2mara sobre den\u00fancia da PGR por corrup\u00e7\u00e3o passiva"},"content":{"rendered":"<figure id=\"attachment_1095\" aria-describedby=\"caption-attachment-1095\" style=\"width: 300px\" class=\"wp-caption alignleft\"><a href=\"http:\/\/caririemdestaque.com\/cd\/wp-content\/uploads\/2017\/06\/giacobo.jpeg\"><img fetchpriority=\"high\" decoding=\"async\" class=\"wp-image-1095 size-medium\" src=\"http:\/\/caririemdestaque.com\/cd\/wp-content\/uploads\/2017\/06\/giacobo-300x225.jpeg\" alt=\"\" width=\"300\" height=\"225\" srcset=\"https:\/\/noticiasemdestaque.com\/cd\/wp-content\/uploads\/2017\/06\/giacobo-300x225.jpeg 300w, https:\/\/noticiasemdestaque.com\/cd\/wp-content\/uploads\/2017\/06\/giacobo.jpeg 640w\" sizes=\"(max-width: 300px) 100vw, 300px\" \/><\/a><figcaption id=\"caption-attachment-1095\" class=\"wp-caption-text\">Primeiro-secret\u00e1rio da C\u00e2mara, Giacobo, foi ao Planalto notificar o presidente Michel Temer da den\u00fancia (Foto: Fernanda Calgaro\/G1)<\/figcaption><\/figure>\n<p>O Presidente Michel Temer foi notificado oficialmente nesta quinta-feira (29) pela C\u00e2mara dos Deputados sobre a den\u00fancia da Procuradoria Geral da Rep\u00fablica pelo crime de corrup\u00e7\u00e3o passiva.<\/p>\n<p>O documento foi levado pelo primeiro-secret\u00e1rio da C\u00e2mara, Giacobo (PR-PR), e entregue ao subchefe de Assuntos Jur\u00eddicos da Casa Civil, Gustavo do Vale Rocha.<\/p>\n<p>A notifica\u00e7\u00e3o foi entregue no Planalto ap\u00f3s a den\u00fancia ser lida no plen\u00e1rio da C\u00e2mara. O procedimento \u00e9 necess\u00e1rio para que o processo tenha andamento na Casa.<\/p>\n<p>Por se tratar do presidente da Rep\u00fablica, o Supremo Tribunal Federal (STF) somente analisar\u00e1 a acusa\u00e7\u00e3o do Minist\u00e9rio P\u00fablico se a C\u00e2mara autorizar.]<\/p>\n<p>Fonte: G1\/PB<\/p>\n","protected":false},"excerpt":{"rendered":"<p>O Presidente Michel Temer foi notificado oficialmente nesta quinta-feira (29) pela C\u00e2mara dos Deputados sobre a den\u00fancia da Procuradoria Geral da Rep\u00fablica pelo crime de corrup\u00e7\u00e3o passiva. O documento foi levado pelo primeiro-secret\u00e1rio da C\u00e2mara, Giacobo (PR-PR), e entregue ao subchefe de Assuntos Jur\u00eddicos da Casa Civil, Gustavo do Vale Rocha. A notifica\u00e7\u00e3o foi entregue no Planalto ap\u00f3s a den\u00fancia ser lida no plen\u00e1rio da C\u00e2mara. O procedimento \u00e9 necess\u00e1rio para que o processo tenha andamento na Casa. Por se tratar do presidente da Rep\u00fablica, o Supremo Tribunal Federal (STF) somente analisar\u00e1 a acusa\u00e7\u00e3o do Minist\u00e9rio P\u00fablico se a C\u00e2mara autorizar.] Fonte: G1\/PB<\/p>\n","protected":false},"author":2,"featured_media":1096,"comment_status":"closed","ping_status":"open","sticky":false,"template":"","format":"standard","meta":{"_eb_attr":"","_jetpack_memberships_contains_paid_content":false,"footnotes":""},"categories":[4],"tags":[],"class_list":["post-1094","post","type-post","status-publish","format-standard","has-post-thumbnail","hentry","category-politica"],"yoast_head":"<!-- This site is optimized with the Yoast SEO plugin v26.5 - https:\/\/yoast.com\/wordpress\/plugins\/seo\/ -->\n<title>Temer \u00e9 notificado pela C\u00e2mara sobre den\u00fancia da PGR por corrup\u00e7\u00e3o passiva - Not&iacute;cias em Destaque<\/title>\n<meta name=\"robots\" content=\"index, follow, max-snippet:-1, max-image-preview:large, max-video-preview:-1\" \/>\n<link rel=\"canonical\" href=\"https:\/\/noticiasemdestaque.com\/cd\/?p=1094\" \/>\n<meta property=\"og:locale\" content=\"pt_BR\" \/>\n<meta property=\"og:type\" content=\"article\" \/>\n<meta property=\"og:title\" content=\"Temer \u00e9 notificado pela C\u00e2mara sobre den\u00fancia da PGR por corrup\u00e7\u00e3o passiva - Not&iacute;cias em Destaque\" \/>\n<meta property=\"og:description\" content=\"O Presidente Michel Temer foi notificado oficialmente nesta quinta-feira (29) pela C\u00e2mara dos Deputados sobre a den\u00fancia da Procuradoria Geral da Rep\u00fablica pelo crime de corrup\u00e7\u00e3o passiva. O documento foi levado pelo primeiro-secret\u00e1rio da C\u00e2mara, Giacobo (PR-PR), e entregue ao subchefe de Assuntos Jur\u00eddicos da Casa Civil, Gustavo do Vale Rocha. A notifica\u00e7\u00e3o foi entregue no Planalto ap\u00f3s a den\u00fancia ser lida no plen\u00e1rio da C\u00e2mara. O procedimento \u00e9 necess\u00e1rio para que o processo tenha andamento na Casa. Por se tratar do presidente da Rep\u00fablica, o Supremo Tribunal Federal (STF) somente analisar\u00e1 a acusa\u00e7\u00e3o do Minist\u00e9rio P\u00fablico se a C\u00e2mara autorizar.] Fonte: G1\/PB\" \/>\n<meta property=\"og:url\" content=\"https:\/\/noticiasemdestaque.com\/cd\/?p=1094\" \/>\n<meta property=\"og:site_name\" content=\"Not&iacute;cias em Destaque\" \/>\n<meta property=\"article:published_time\" content=\"2017-06-29T22:07:57+00:00\" \/>\n<meta property=\"og:image\" content=\"https:\/\/noticiasemdestaque.com\/cd\/wp-content\/uploads\/2017\/06\/000-q02bh-b.jpg\" \/>\n\t<meta property=\"og:image:width\" content=\"640\" \/>\n\t<meta property=\"og:image:height\" content=\"426\" \/>\n\t<meta property=\"og:image:type\" content=\"image\/jpeg\" \/>\n<meta name=\"author\" content=\"Not\u00edcias em Destaque\" \/>\n<meta name=\"twitter:card\" content=\"summary_large_image\" \/>\n<meta name=\"twitter:label1\" content=\"Escrito por\" \/>\n\t<meta name=\"twitter:data1\" content=\"Not\u00edcias em Destaque\" \/>\n\t<meta name=\"twitter:label2\" content=\"Est. tempo de leitura\" \/>\n\t<meta name=\"twitter:data2\" content=\"1 minuto\" \/>\n<script type=\"application\/ld+json\" class=\"yoast-schema-graph\">{\"@context\":\"https:\/\/schema.org\",\"@graph\":[{\"@type\":\"Article\",\"@id\":\"https:\/\/noticiasemdestaque.com\/cd\/?p=1094#article\",\"isPartOf\":{\"@id\":\"https:\/\/noticiasemdestaque.com\/cd\/?p=1094\"},\"author\":{\"name\":\"Not\u00edcias em Destaque\",\"@id\":\"https:\/\/noticiasemdestaque.com\/cd\/#\/schema\/person\/45ca272b3e1246ef14ebb78a48dbb218\"},\"headline\":\"Temer \u00e9 notificado pela C\u00e2mara sobre den\u00fancia da PGR por corrup\u00e7\u00e3o passiva\",\"datePublished\":\"2017-06-29T22:07:57+00:00\",\"mainEntityOfPage\":{\"@id\":\"https:\/\/noticiasemdestaque.com\/cd\/?p=1094\"},\"wordCount\":162,\"publisher\":{\"@id\":\"https:\/\/noticiasemdestaque.com\/cd\/#organization\"},\"image\":{\"@id\":\"https:\/\/noticiasemdestaque.com\/cd\/?p=1094#primaryimage\"},\"thumbnailUrl\":\"https:\/\/noticiasemdestaque.com\/cd\/wp-content\/uploads\/2017\/06\/000-q02bh-b.jpg\",\"articleSection\":[\"Pol\u00edtica\"],\"inLanguage\":\"pt-BR\"},{\"@type\":\"WebPage\",\"@id\":\"https:\/\/noticiasemdestaque.com\/cd\/?p=1094\",\"url\":\"https:\/\/noticiasemdestaque.com\/cd\/?p=1094\",\"name\":\"Temer \u00e9 notificado pela C\u00e2mara sobre den\u00fancia da PGR por corrup\u00e7\u00e3o passiva - Not&iacute;cias em Destaque\",\"isPartOf\":{\"@id\":\"https:\/\/noticiasemdestaque.com\/cd\/#website\"},\"primaryImageOfPage\":{\"@id\":\"https:\/\/noticiasemdestaque.com\/cd\/?p=1094#primaryimage\"},\"image\":{\"@id\":\"https:\/\/noticiasemdestaque.com\/cd\/?p=1094#primaryimage\"},\"thumbnailUrl\":\"https:\/\/noticiasemdestaque.com\/cd\/wp-content\/uploads\/2017\/06\/000-q02bh-b.jpg\",\"datePublished\":\"2017-06-29T22:07:57+00:00\",\"breadcrumb\":{\"@id\":\"https:\/\/noticiasemdestaque.com\/cd\/?p=1094#breadcrumb\"},\"inLanguage\":\"pt-BR\",\"potentialAction\":[{\"@type\":\"ReadAction\",\"target\":[\"https:\/\/noticiasemdestaque.com\/cd\/?p=1094\"]}]},{\"@type\":\"ImageObject\",\"inLanguage\":\"pt-BR\",\"@id\":\"https:\/\/noticiasemdestaque.com\/cd\/?p=1094#primaryimage\",\"url\":\"https:\/\/noticiasemdestaque.com\/cd\/wp-content\/uploads\/2017\/06\/000-q02bh-b.jpg\",\"contentUrl\":\"https:\/\/noticiasemdestaque.com\/cd\/wp-content\/uploads\/2017\/06\/000-q02bh-b.jpg\",\"width\":640,\"height\":426},{\"@type\":\"BreadcrumbList\",\"@id\":\"https:\/\/noticiasemdestaque.com\/cd\/?p=1094#breadcrumb\",\"itemListElement\":[{\"@type\":\"ListItem\",\"position\":1,\"name\":\"In\u00edcio\",\"item\":\"https:\/\/noticiasemdestaque.com\/cd\/\"},{\"@type\":\"ListItem\",\"position\":2,\"name\":\"Temer \u00e9 notificado pela C\u00e2mara sobre den\u00fancia da PGR por corrup\u00e7\u00e3o passiva\"}]},{\"@type\":\"WebSite\",\"@id\":\"https:\/\/noticiasemdestaque.com\/cd\/#website\",\"url\":\"https:\/\/noticiasemdestaque.com\/cd\/\",\"name\":\"Not&iacute;cias em Destaque\",\"description\":\"\",\"publisher\":{\"@id\":\"https:\/\/noticiasemdestaque.com\/cd\/#organization\"},\"potentialAction\":[{\"@type\":\"SearchAction\",\"target\":{\"@type\":\"EntryPoint\",\"urlTemplate\":\"https:\/\/noticiasemdestaque.com\/cd\/?s={search_term_string}\"},\"query-input\":{\"@type\":\"PropertyValueSpecification\",\"valueRequired\":true,\"valueName\":\"search_term_string\"}}],\"inLanguage\":\"pt-BR\"},{\"@type\":\"Organization\",\"@id\":\"https:\/\/noticiasemdestaque.com\/cd\/#organization\",\"name\":\"Not\u00edcias em Destaque\",\"url\":\"https:\/\/noticiasemdestaque.com\/cd\/\",\"logo\":{\"@type\":\"ImageObject\",\"inLanguage\":\"pt-BR\",\"@id\":\"https:\/\/noticiasemdestaque.com\/cd\/#\/schema\/logo\/image\/\",\"url\":\"https:\/\/noticiasemdestaque.com\/cd\/wp-content\/uploads\/2022\/05\/imagem-base-noticiasemdestaque.png\",\"contentUrl\":\"https:\/\/noticiasemdestaque.com\/cd\/wp-content\/uploads\/2022\/05\/imagem-base-noticiasemdestaque.png\",\"width\":1200,\"height\":630,\"caption\":\"Not\u00edcias em Destaque\"},\"image\":{\"@id\":\"https:\/\/noticiasemdestaque.com\/cd\/#\/schema\/logo\/image\/\"}},{\"@type\":\"Person\",\"@id\":\"https:\/\/noticiasemdestaque.com\/cd\/#\/schema\/person\/45ca272b3e1246ef14ebb78a48dbb218\",\"name\":\"Not\u00edcias em Destaque\",\"url\":\"https:\/\/noticiasemdestaque.com\/cd\/?author=2\"}]}<\/script>\n<!-- \/ Yoast SEO plugin. -->","yoast_head_json":{"title":"Temer \u00e9 notificado pela C\u00e2mara sobre den\u00fancia da PGR por corrup\u00e7\u00e3o passiva - Not&iacute;cias em Destaque","robots":{"index":"index","follow":"follow","max-snippet":"max-snippet:-1","max-image-preview":"max-image-preview:large","max-video-preview":"max-video-preview:-1"},"canonical":"https:\/\/noticiasemdestaque.com\/cd\/?p=1094","og_locale":"pt_BR","og_type":"article","og_title":"Temer \u00e9 notificado pela C\u00e2mara sobre den\u00fancia da PGR por corrup\u00e7\u00e3o passiva - Not&iacute;cias em Destaque","og_description":"O Presidente Michel Temer foi notificado oficialmente nesta quinta-feira (29) pela C\u00e2mara dos Deputados sobre a den\u00fancia da Procuradoria Geral da Rep\u00fablica pelo crime de corrup\u00e7\u00e3o passiva. O documento foi levado pelo primeiro-secret\u00e1rio da C\u00e2mara, Giacobo (PR-PR), e entregue ao subchefe de Assuntos Jur\u00eddicos da Casa Civil, Gustavo do Vale Rocha. A notifica\u00e7\u00e3o foi entregue no Planalto ap\u00f3s a den\u00fancia ser lida no plen\u00e1rio da C\u00e2mara. O procedimento \u00e9 necess\u00e1rio para que o processo tenha andamento na Casa. Por se tratar do presidente da Rep\u00fablica, o Supremo Tribunal Federal (STF) somente analisar\u00e1 a acusa\u00e7\u00e3o do Minist\u00e9rio P\u00fablico se a C\u00e2mara autorizar.] Fonte: G1\/PB","og_url":"https:\/\/noticiasemdestaque.com\/cd\/?p=1094","og_site_name":"Not&iacute;cias em Destaque","article_published_time":"2017-06-29T22:07:57+00:00","og_image":[{"width":640,"height":426,"url":"https:\/\/noticiasemdestaque.com\/cd\/wp-content\/uploads\/2017\/06\/000-q02bh-b.jpg","type":"image\/jpeg"}],"author":"Not\u00edcias em Destaque","twitter_card":"summary_large_image","twitter_misc":{"Escrito por":"Not\u00edcias em Destaque","Est. tempo de leitura":"1 minuto"},"schema":{"@context":"https:\/\/schema.org","@graph":[{"@type":"Article","@id":"https:\/\/noticiasemdestaque.com\/cd\/?p=1094#article","isPartOf":{"@id":"https:\/\/noticiasemdestaque.com\/cd\/?p=1094"},"author":{"name":"Not\u00edcias em Destaque","@id":"https:\/\/noticiasemdestaque.com\/cd\/#\/schema\/person\/45ca272b3e1246ef14ebb78a48dbb218"},"headline":"Temer \u00e9 notificado pela C\u00e2mara sobre den\u00fancia da PGR por corrup\u00e7\u00e3o passiva","datePublished":"2017-06-29T22:07:57+00:00","mainEntityOfPage":{"@id":"https:\/\/noticiasemdestaque.com\/cd\/?p=1094"},"wordCount":162,"publisher":{"@id":"https:\/\/noticiasemdestaque.com\/cd\/#organization"},"image":{"@id":"https:\/\/noticiasemdestaque.com\/cd\/?p=1094#primaryimage"},"thumbnailUrl":"https:\/\/noticiasemdestaque.com\/cd\/wp-content\/uploads\/2017\/06\/000-q02bh-b.jpg","articleSection":["Pol\u00edtica"],"inLanguage":"pt-BR"},{"@type":"WebPage","@id":"https:\/\/noticiasemdestaque.com\/cd\/?p=1094","url":"https:\/\/noticiasemdestaque.com\/cd\/?p=1094","name":"Temer \u00e9 notificado pela C\u00e2mara sobre den\u00fancia da PGR por corrup\u00e7\u00e3o passiva - Not&iacute;cias em Destaque","isPartOf":{"@id":"https:\/\/noticiasemdestaque.com\/cd\/#website"},"primaryImageOfPage":{"@id":"https:\/\/noticiasemdestaque.com\/cd\/?p=1094#primaryimage"},"image":{"@id":"https:\/\/noticiasemdestaque.com\/cd\/?p=1094#primaryimage"},"thumbnailUrl":"https:\/\/noticiasemdestaque.com\/cd\/wp-content\/uploads\/2017\/06\/000-q02bh-b.jpg","datePublished":"2017-06-29T22:07:57+00:00","breadcrumb":{"@id":"https:\/\/noticiasemdestaque.com\/cd\/?p=1094#breadcrumb"},"inLanguage":"pt-BR","potentialAction":[{"@type":"ReadAction","target":["https:\/\/noticiasemdestaque.com\/cd\/?p=1094"]}]},{"@type":"ImageObject","inLanguage":"pt-BR","@id":"https:\/\/noticiasemdestaque.com\/cd\/?p=1094#primaryimage","url":"https:\/\/noticiasemdestaque.com\/cd\/wp-content\/uploads\/2017\/06\/000-q02bh-b.jpg","contentUrl":"https:\/\/noticiasemdestaque.com\/cd\/wp-content\/uploads\/2017\/06\/000-q02bh-b.jpg","width":640,"height":426},{"@type":"BreadcrumbList","@id":"https:\/\/noticiasemdestaque.com\/cd\/?p=1094#breadcrumb","itemListElement":[{"@type":"ListItem","position":1,"name":"In\u00edcio","item":"https:\/\/noticiasemdestaque.com\/cd\/"},{"@type":"ListItem","position":2,"name":"Temer \u00e9 notificado pela C\u00e2mara sobre den\u00fancia da PGR por corrup\u00e7\u00e3o passiva"}]},{"@type":"WebSite","@id":"https:\/\/noticiasemdestaque.com\/cd\/#website","url":"https:\/\/noticiasemdestaque.com\/cd\/","name":"Not&iacute;cias em Destaque","description":"","publisher":{"@id":"https:\/\/noticiasemdestaque.com\/cd\/#organization"},"potentialAction":[{"@type":"SearchAction","target":{"@type":"EntryPoint","urlTemplate":"https:\/\/noticiasemdestaque.com\/cd\/?s={search_term_string}"},"query-input":{"@type":"PropertyValueSpecification","valueRequired":true,"valueName":"search_term_string"}}],"inLanguage":"pt-BR"},{"@type":"Organization","@id":"https:\/\/noticiasemdestaque.com\/cd\/#organization","name":"Not\u00edcias em Destaque","url":"https:\/\/noticiasemdestaque.com\/cd\/","logo":{"@type":"ImageObject","inLanguage":"pt-BR","@id":"https:\/\/noticiasemdestaque.com\/cd\/#\/schema\/logo\/image\/","url":"https:\/\/noticiasemdestaque.com\/cd\/wp-content\/uploads\/2022\/05\/imagem-base-noticiasemdestaque.png","contentUrl":"https:\/\/noticiasemdestaque.com\/cd\/wp-content\/uploads\/2022\/05\/imagem-base-noticiasemdestaque.png","width":1200,"height":630,"caption":"Not\u00edcias em Destaque"},"image":{"@id":"https:\/\/noticiasemdestaque.com\/cd\/#\/schema\/logo\/image\/"}},{"@type":"Person","@id":"https:\/\/noticiasemdestaque.com\/cd\/#\/schema\/person\/45ca272b3e1246ef14ebb78a48dbb218","name":"Not\u00edcias em Destaque","url":"https:\/\/noticiasemdestaque.com\/cd\/?author=2"}]}},"jetpack_featured_media_url":"https:\/\/noticiasemdestaque.com\/cd\/wp-content\/uploads\/2017\/06\/000-q02bh-b.jpg","jetpack_sharing_enabled":true,"_links":{"self":[{"href":"https:\/\/noticiasemdestaque.com\/cd\/index.php?rest_route=\/wp\/v2\/posts\/1094","targetHints":{"allow":["GET"]}}],"collection":[{"href":"https:\/\/noticiasemdestaque.com\/cd\/index.php?rest_route=\/wp\/v2\/posts"}],"about":[{"href":"https:\/\/noticiasemdestaque.com\/cd\/index.php?rest_route=\/wp\/v2\/types\/post"}],"author":[{"embeddable":true,"href":"https:\/\/noticiasemdestaque.com\/cd\/index.php?rest_route=\/wp\/v2\/users\/2"}],"replies":[{"embeddable":true,"href":"https:\/\/noticiasemdestaque.com\/cd\/index.php?rest_route=%2Fwp%2Fv2%2Fcomments&post=1094"}],"version-history":[{"count":1,"href":"https:\/\/noticiasemdestaque.com\/cd\/index.php?rest_route=\/wp\/v2\/posts\/1094\/revisions"}],"predecessor-version":[{"id":1097,"href":"https:\/\/noticiasemdestaque.com\/cd\/index.php?rest_route=\/wp\/v2\/posts\/1094\/revisions\/1097"}],"wp:featuredmedia":[{"embeddable":true,"href":"https:\/\/noticiasemdestaque.com\/cd\/index.php?rest_route=\/wp\/v2\/media\/1096"}],"wp:attachment":[{"href":"https:\/\/noticiasemdestaque.com\/cd\/index.php?rest_route=%2Fwp%2Fv2%2Fmedia&parent=1094"}],"wp:term":[{"taxonomy":"category","embeddable":true,"href":"https:\/\/noticiasemdestaque.com\/cd\/index.php?rest_route=%2Fwp%2Fv2%2Fcategories&post=1094"},{"taxonomy":"post_tag","embeddable":true,"href":"https:\/\/noticiasemdestaque.com\/cd\/index.php?rest_route=%2Fwp%2Fv2%2Ftags&post=1094"}],"curies":[{"name":"wp","href":"https:\/\/api.w.org\/{rel}","templated":true}]}}