{"id":10611,"date":"2018-06-10T08:11:58","date_gmt":"2018-06-10T11:11:58","guid":{"rendered":"http:\/\/caririemdestaque.com\/cd\/?p=10611"},"modified":"2018-06-10T08:11:58","modified_gmt":"2018-06-10T11:11:58","slug":"mais-de-50-cidades-da-pb-estao-em-risco-para-surto-de-dengue-zika-e-chikungunya-veja-as-do-cariri","status":"publish","type":"post","link":"https:\/\/noticiasemdestaque.com\/cd\/?p=10611","title":{"rendered":"Mais de 50 cidades da PB est\u00e3o em risco para surto de dengue, zika e chikungunya; Veja as do Cariri"},"content":{"rendered":"<p><a href=\"http:\/\/caririemdestaque.com\/cd\/wp-content\/uploads\/2018\/05\/Mosquito-DENGUE.png\"><img fetchpriority=\"high\" decoding=\"async\" class=\"aligncenter wp-image-10020 size-full\" src=\"http:\/\/caririemdestaque.com\/cd\/wp-content\/uploads\/2018\/05\/Mosquito-DENGUE.png\" alt=\"\" width=\"800\" height=\"794\" srcset=\"https:\/\/noticiasemdestaque.com\/cd\/wp-content\/uploads\/2018\/05\/Mosquito-DENGUE.png 800w, https:\/\/noticiasemdestaque.com\/cd\/wp-content\/uploads\/2018\/05\/Mosquito-DENGUE-150x150.png 150w, https:\/\/noticiasemdestaque.com\/cd\/wp-content\/uploads\/2018\/05\/Mosquito-DENGUE-300x298.png 300w, https:\/\/noticiasemdestaque.com\/cd\/wp-content\/uploads\/2018\/05\/Mosquito-DENGUE-768x762.png 768w\" sizes=\"(max-width: 800px) 100vw, 800px\" \/><\/a><\/p>\n<p>Minist\u00e9rio da Sa\u00fade divulgou na tarde desta sexta-feira (8) que 22% das cidades brasileiras (1153)\u00a0 est\u00e3o em risco para surto de dengue, zika e chikungunya. Na Para\u00edba, s\u00e3o estimadas 54 cidades nessa situa\u00e7\u00e3o, segundo estudo que avaliou \u00edndice de infesta\u00e7\u00e3o do Aedes aegypti.<\/p>\n<p>Outros 2.069 munic\u00edpios em todo o pa\u00eds est\u00e3o em alerta. Os dados foram coletados pelo Minist\u00e9rio da Sa\u00fade entre janeiro e 15 de mar\u00e7o de 2018.<\/p>\n<p>O LIRAa (Levantamento R\u00e1pido de \u00cdndices por Aedes aegypti ) \u00e9 feito periodicamente pela pasta e tem o objetivo de monitorar o Aedes para planejar a\u00e7\u00f5es de interven\u00e7\u00e3o \u2013\u00a0a meta \u00e9 evitar surtos e alertar a popula\u00e7\u00e3o para o risco de doen\u00e7as associadas ao mosquito.<\/p>\n<p>Dentre as capitais, apenas tr\u00eas delas tiveram \u00edndice satisfat\u00f3rio: S\u00e3o Paulo (SP), Jo\u00e3o Pessoa (PB) e Aracaju (SE), informa o Minist\u00e9rio da Sa\u00fade. Confira a lista completa de munic\u00edpios, com a avalia\u00e7\u00e3o do risco de cada um deles.<\/p>\n<p>1.\u00a0\u00a0\u00a0\u00a0\u00a0\u00a0 Monteiro<\/p>\n<p>2.\u00a0\u00a0\u00a0\u00a0\u00a0\u00a0 Pirpirituba<\/p>\n<p>3.\u00a0\u00a0\u00a0\u00a0\u00a0\u00a0 S\u00e3o Jos\u00e9 de Piranhas<\/p>\n<p>4.\u00a0\u00a0\u00a0\u00a0\u00a0\u00a0 Arara<\/p>\n<p>5.\u00a0\u00a0\u00a0\u00a0\u00a0\u00a0 Boqueir\u00e3o<\/p>\n<p>6.\u00a0\u00a0\u00a0\u00a0\u00a0\u00a0 Patos<\/p>\n<p>7.\u00a0\u00a0\u00a0\u00a0\u00a0\u00a0 S\u00e3o Miguel de Taipu<\/p>\n<p>8.\u00a0\u00a0\u00a0\u00a0\u00a0\u00a0 Barra de Santana<\/p>\n<p>9.\u00a0\u00a0\u00a0\u00a0\u00a0\u00a0 Solanea<\/p>\n<p>10.\u00a0\u00a0 Cacimbas<\/p>\n<p>11.\u00a0\u00a0 Caldas Brand\u00e3o<\/p>\n<p>12.\u00a0\u00a0 Fagundes<\/p>\n<p>13.\u00a0\u00a0 Rem\u00edgio<\/p>\n<p>14.\u00a0\u00a0 Nazarezinho<\/p>\n<p>15.\u00a0\u00a0 Mulungu<\/p>\n<p>16.\u00a0\u00a0 S\u00e3o Bento<\/p>\n<p>17.\u00a0\u00a0 Igaracy<\/p>\n<p>18.\u00a0\u00a0 Areia<\/p>\n<p>19.\u00a0\u00a0 Serra Branca<\/p>\n<p>20.\u00a0\u00a0 Olivedos<\/p>\n<p>21.\u00a0\u00a0 Brejo dos Santos<\/p>\n<p>22.\u00a0\u00a0 Matur\u00e9ia<\/p>\n<p>23.\u00a0\u00a0 Itatuba<\/p>\n<p>24.\u00a0\u00a0 Cachoeira dos \u00cdndios<\/p>\n<p>25.\u00a0\u00a0 S\u00e3o Domingos de Pombal<\/p>\n<p>26.\u00a0\u00a0 Lastro<\/p>\n<p>27.\u00a0\u00a0 Princesa Isabel<\/p>\n<p>28.\u00a0\u00a0 Picu\u00ed<\/p>\n<p>29.\u00a0\u00a0 Lagoa Seca<\/p>\n<p>30.\u00a0\u00a0 Cajazeirinhas<\/p>\n<p>31.\u00a0\u00a0 Serra Grande<\/p>\n<p>32.\u00a0\u00a0 Bel\u00e9m do Brejo do Cruz PB<\/p>\n<p>33.\u00a0\u00a0 S\u00e3o Jos\u00e9 da Lagoa Tapada<\/p>\n<p>34.\u00a0\u00a0 Brejo do Cruz<\/p>\n<p>35.\u00a0\u00a0 Lagoa<\/p>\n<p>36.\u00a0\u00a0 Condado<\/p>\n<p>37.\u00a0\u00a0 Imaculada<\/p>\n<p>38.\u00a0\u00a0 Alagoa Grande<\/p>\n<p>39.\u00a0\u00a0 Pedra Lavrada<\/p>\n<p>40.\u00a0\u00a0 \u00c1gua Branca<\/p>\n<p>41.\u00a0\u00a0 Ing\u00e1<\/p>\n<p>42.\u00a0\u00a0 Aparecida<\/p>\n<p>43.\u00a0\u00a0 Riacho dos Cavalos<\/p>\n<p>44.\u00a0\u00a0 Soledade<\/p>\n<p>45.\u00a0\u00a0 Pocinhos<\/p>\n<p>46.\u00a0\u00a0 Malta<\/p>\n<p>47.\u00a0\u00a0 Serid\u00f3<\/p>\n<p>48.\u00a0\u00a0 Sousa<\/p>\n<p>49.\u00a0\u00a0 Cai\u00e7ara<\/p>\n<p>50.\u00a0\u00a0 Juarez T\u00e1vora<\/p>\n<p>51.\u00a0\u00a0 Santa Luzia<\/p>\n<p>52.\u00a0\u00a0 Juazeirinho<\/p>\n<p>53.\u00a0\u00a0 Alagoa Nova<\/p>\n<p>54.\u00a0\u00a0 Cacimba de Dentro<\/p>\n<p>55.\u00a0\u00a0 Mogeiro<\/p>\n<h5 class=\"pg-newDetail__author\">Por\u00a0Emmanuela Nunes<\/h5>\n","protected":false},"excerpt":{"rendered":"<p>Minist\u00e9rio da Sa\u00fade divulgou na tarde desta sexta-feira (8) que 22% das cidades brasileiras (1153)\u00a0 est\u00e3o em risco para surto de dengue, zika e chikungunya. Na Para\u00edba, s\u00e3o estimadas 54 cidades nessa situa\u00e7\u00e3o, segundo estudo que avaliou \u00edndice de infesta\u00e7\u00e3o do Aedes aegypti. Outros 2.069 munic\u00edpios em todo o pa\u00eds est\u00e3o em alerta. Os dados foram coletados pelo Minist\u00e9rio da Sa\u00fade entre janeiro e 15 de mar\u00e7o de 2018. O LIRAa (Levantamento R\u00e1pido de \u00cdndices por Aedes aegypti ) \u00e9 feito periodicamente pela pasta e tem o objetivo de monitorar o Aedes para planejar a\u00e7\u00f5es de interven\u00e7\u00e3o \u2013\u00a0a meta \u00e9 evitar surtos e alertar a popula\u00e7\u00e3o para o risco de doen\u00e7as associadas ao mosquito. Dentre as capitais, apenas tr\u00eas delas tiveram \u00edndice satisfat\u00f3rio: S\u00e3o Paulo (SP), Jo\u00e3o Pessoa (PB) e Aracaju (SE), informa o Minist\u00e9rio da Sa\u00fade. Confira a lista completa de munic\u00edpios, com a avalia\u00e7\u00e3o do risco de cada um deles. 1.\u00a0\u00a0\u00a0\u00a0\u00a0\u00a0 Monteiro 2.\u00a0\u00a0\u00a0\u00a0\u00a0\u00a0 Pirpirituba 3.\u00a0\u00a0\u00a0\u00a0\u00a0\u00a0 S\u00e3o Jos\u00e9 de Piranhas 4.\u00a0\u00a0\u00a0\u00a0\u00a0\u00a0 Arara 5.\u00a0\u00a0\u00a0\u00a0\u00a0\u00a0 Boqueir\u00e3o 6.\u00a0\u00a0\u00a0\u00a0\u00a0\u00a0 Patos 7.\u00a0\u00a0\u00a0\u00a0\u00a0\u00a0 S\u00e3o Miguel de Taipu 8.\u00a0\u00a0\u00a0\u00a0\u00a0\u00a0 Barra de Santana 9.\u00a0\u00a0\u00a0\u00a0\u00a0\u00a0 Solanea 10.\u00a0\u00a0 Cacimbas 11.\u00a0\u00a0 Caldas Brand\u00e3o 12.\u00a0\u00a0 Fagundes 13.\u00a0\u00a0 Rem\u00edgio 14.\u00a0\u00a0 Nazarezinho 15.\u00a0\u00a0 Mulungu 16.\u00a0\u00a0 S\u00e3o Bento 17.\u00a0\u00a0 Igaracy 18.\u00a0\u00a0 Areia 19.\u00a0\u00a0 Serra Branca 20.\u00a0\u00a0 Olivedos 21.\u00a0\u00a0 Brejo dos Santos 22.\u00a0\u00a0 Matur\u00e9ia 23.\u00a0\u00a0 Itatuba 24.\u00a0\u00a0 Cachoeira dos \u00cdndios 25.\u00a0\u00a0 S\u00e3o Domingos de Pombal 26.\u00a0\u00a0 Lastro 27.\u00a0\u00a0 Princesa Isabel 28.\u00a0\u00a0 Picu\u00ed 29.\u00a0\u00a0 Lagoa Seca 30.\u00a0\u00a0 Cajazeirinhas 31.\u00a0\u00a0 Serra Grande 32.\u00a0\u00a0 Bel\u00e9m do Brejo do Cruz PB 33.\u00a0\u00a0 S\u00e3o Jos\u00e9 da Lagoa Tapada 34.\u00a0\u00a0 Brejo do Cruz 35.\u00a0\u00a0 Lagoa 36.\u00a0\u00a0 Condado 37.\u00a0\u00a0 Imaculada 38.\u00a0\u00a0 Alagoa Grande 39.\u00a0\u00a0 Pedra Lavrada 40.\u00a0\u00a0 \u00c1gua Branca 41.\u00a0\u00a0 Ing\u00e1 42.\u00a0\u00a0 Aparecida 43.\u00a0\u00a0 Riacho dos Cavalos 44.\u00a0\u00a0 Soledade 45.\u00a0\u00a0 Pocinhos 46.\u00a0\u00a0 Malta 47.\u00a0\u00a0 Serid\u00f3 48.\u00a0\u00a0 Sousa 49.\u00a0\u00a0 Cai\u00e7ara 50.\u00a0\u00a0 Juarez T\u00e1vora 51.\u00a0\u00a0 Santa Luzia 52.\u00a0\u00a0 Juazeirinho 53.\u00a0\u00a0 Alagoa Nova 54.\u00a0\u00a0 Cacimba de Dentro 55.\u00a0\u00a0 Mogeiro Por\u00a0Emmanuela Nunes<\/p>\n","protected":false},"author":2,"featured_media":10020,"comment_status":"closed","ping_status":"open","sticky":false,"template":"","format":"standard","meta":{"_eb_attr":"","_jetpack_memberships_contains_paid_content":false,"footnotes":""},"categories":[3],"tags":[],"class_list":["post-10611","post","type-post","status-publish","format-standard","has-post-thumbnail","hentry","category-cidades"],"yoast_head":"<!-- This site is optimized with the Yoast SEO plugin v26.5 - https:\/\/yoast.com\/wordpress\/plugins\/seo\/ -->\n<title>Mais de 50 cidades da PB est\u00e3o em risco para surto de dengue, zika e chikungunya; Veja as do Cariri - Not&iacute;cias em Destaque<\/title>\n<meta name=\"robots\" content=\"index, follow, max-snippet:-1, max-image-preview:large, max-video-preview:-1\" \/>\n<link rel=\"canonical\" href=\"https:\/\/noticiasemdestaque.com\/cd\/?p=10611\" \/>\n<meta property=\"og:locale\" content=\"pt_BR\" \/>\n<meta property=\"og:type\" content=\"article\" \/>\n<meta property=\"og:title\" content=\"Mais de 50 cidades da PB est\u00e3o em risco para surto de dengue, zika e chikungunya; Veja as do Cariri - Not&iacute;cias em Destaque\" \/>\n<meta property=\"og:description\" content=\"Minist\u00e9rio da Sa\u00fade divulgou na tarde desta sexta-feira (8) que 22% das cidades brasileiras (1153)\u00a0 est\u00e3o em risco para surto de dengue, zika e chikungunya. Na Para\u00edba, s\u00e3o estimadas 54 cidades nessa situa\u00e7\u00e3o, segundo estudo que avaliou \u00edndice de infesta\u00e7\u00e3o do Aedes aegypti. Outros 2.069 munic\u00edpios em todo o pa\u00eds est\u00e3o em alerta. Os dados foram coletados pelo Minist\u00e9rio da Sa\u00fade entre janeiro e 15 de mar\u00e7o de 2018. O LIRAa (Levantamento R\u00e1pido de \u00cdndices por Aedes aegypti ) \u00e9 feito periodicamente pela pasta e tem o objetivo de monitorar o Aedes para planejar a\u00e7\u00f5es de interven\u00e7\u00e3o \u2013\u00a0a meta \u00e9 evitar surtos e alertar a popula\u00e7\u00e3o para o risco de doen\u00e7as associadas ao mosquito. Dentre as capitais, apenas tr\u00eas delas tiveram \u00edndice satisfat\u00f3rio: S\u00e3o Paulo (SP), Jo\u00e3o Pessoa (PB) e Aracaju (SE), informa o Minist\u00e9rio da Sa\u00fade. Confira a lista completa de munic\u00edpios, com a avalia\u00e7\u00e3o do risco de cada um deles. 1.\u00a0\u00a0\u00a0\u00a0\u00a0\u00a0 Monteiro 2.\u00a0\u00a0\u00a0\u00a0\u00a0\u00a0 Pirpirituba 3.\u00a0\u00a0\u00a0\u00a0\u00a0\u00a0 S\u00e3o Jos\u00e9 de Piranhas 4.\u00a0\u00a0\u00a0\u00a0\u00a0\u00a0 Arara 5.\u00a0\u00a0\u00a0\u00a0\u00a0\u00a0 Boqueir\u00e3o 6.\u00a0\u00a0\u00a0\u00a0\u00a0\u00a0 Patos 7.\u00a0\u00a0\u00a0\u00a0\u00a0\u00a0 S\u00e3o Miguel de Taipu 8.\u00a0\u00a0\u00a0\u00a0\u00a0\u00a0 Barra de Santana 9.\u00a0\u00a0\u00a0\u00a0\u00a0\u00a0 Solanea 10.\u00a0\u00a0 Cacimbas 11.\u00a0\u00a0 Caldas Brand\u00e3o 12.\u00a0\u00a0 Fagundes 13.\u00a0\u00a0 Rem\u00edgio 14.\u00a0\u00a0 Nazarezinho 15.\u00a0\u00a0 Mulungu 16.\u00a0\u00a0 S\u00e3o Bento 17.\u00a0\u00a0 Igaracy 18.\u00a0\u00a0 Areia 19.\u00a0\u00a0 Serra Branca 20.\u00a0\u00a0 Olivedos 21.\u00a0\u00a0 Brejo dos Santos 22.\u00a0\u00a0 Matur\u00e9ia 23.\u00a0\u00a0 Itatuba 24.\u00a0\u00a0 Cachoeira dos \u00cdndios 25.\u00a0\u00a0 S\u00e3o Domingos de Pombal 26.\u00a0\u00a0 Lastro 27.\u00a0\u00a0 Princesa Isabel 28.\u00a0\u00a0 Picu\u00ed 29.\u00a0\u00a0 Lagoa Seca 30.\u00a0\u00a0 Cajazeirinhas 31.\u00a0\u00a0 Serra Grande 32.\u00a0\u00a0 Bel\u00e9m do Brejo do Cruz PB 33.\u00a0\u00a0 S\u00e3o Jos\u00e9 da Lagoa Tapada 34.\u00a0\u00a0 Brejo do Cruz 35.\u00a0\u00a0 Lagoa 36.\u00a0\u00a0 Condado 37.\u00a0\u00a0 Imaculada 38.\u00a0\u00a0 Alagoa Grande 39.\u00a0\u00a0 Pedra Lavrada 40.\u00a0\u00a0 \u00c1gua Branca 41.\u00a0\u00a0 Ing\u00e1 42.\u00a0\u00a0 Aparecida 43.\u00a0\u00a0 Riacho dos Cavalos 44.\u00a0\u00a0 Soledade 45.\u00a0\u00a0 Pocinhos 46.\u00a0\u00a0 Malta 47.\u00a0\u00a0 Serid\u00f3 48.\u00a0\u00a0 Sousa 49.\u00a0\u00a0 Cai\u00e7ara 50.\u00a0\u00a0 Juarez T\u00e1vora 51.\u00a0\u00a0 Santa Luzia 52.\u00a0\u00a0 Juazeirinho 53.\u00a0\u00a0 Alagoa Nova 54.\u00a0\u00a0 Cacimba de Dentro 55.\u00a0\u00a0 Mogeiro Por\u00a0Emmanuela Nunes\" \/>\n<meta property=\"og:url\" content=\"https:\/\/noticiasemdestaque.com\/cd\/?p=10611\" \/>\n<meta property=\"og:site_name\" content=\"Not&iacute;cias em Destaque\" \/>\n<meta property=\"article:published_time\" content=\"2018-06-10T11:11:58+00:00\" \/>\n<meta property=\"og:image\" content=\"https:\/\/noticiasemdestaque.com\/cd\/wp-content\/uploads\/2018\/05\/Mosquito-DENGUE.png\" \/>\n\t<meta property=\"og:image:width\" content=\"800\" \/>\n\t<meta property=\"og:image:height\" content=\"794\" \/>\n\t<meta property=\"og:image:type\" content=\"image\/png\" \/>\n<meta name=\"author\" content=\"Not\u00edcias em Destaque\" \/>\n<meta name=\"twitter:card\" content=\"summary_large_image\" \/>\n<meta name=\"twitter:label1\" content=\"Escrito por\" \/>\n\t<meta name=\"twitter:data1\" content=\"Not\u00edcias em Destaque\" \/>\n\t<meta name=\"twitter:label2\" content=\"Est. tempo de leitura\" \/>\n\t<meta name=\"twitter:data2\" content=\"1 minuto\" \/>\n<script type=\"application\/ld+json\" class=\"yoast-schema-graph\">{\"@context\":\"https:\/\/schema.org\",\"@graph\":[{\"@type\":\"Article\",\"@id\":\"https:\/\/noticiasemdestaque.com\/cd\/?p=10611#article\",\"isPartOf\":{\"@id\":\"https:\/\/noticiasemdestaque.com\/cd\/?p=10611\"},\"author\":{\"name\":\"Not\u00edcias em Destaque\",\"@id\":\"https:\/\/noticiasemdestaque.com\/cd\/#\/schema\/person\/47f7d4f55eec17c6b2ca036c5500f6ce\"},\"headline\":\"Mais de 50 cidades da PB est\u00e3o em risco para surto de dengue, zika e chikungunya; Veja as do Cariri\",\"datePublished\":\"2018-06-10T11:11:58+00:00\",\"mainEntityOfPage\":{\"@id\":\"https:\/\/noticiasemdestaque.com\/cd\/?p=10611\"},\"wordCount\":300,\"publisher\":{\"@id\":\"https:\/\/noticiasemdestaque.com\/cd\/#organization\"},\"image\":{\"@id\":\"https:\/\/noticiasemdestaque.com\/cd\/?p=10611#primaryimage\"},\"thumbnailUrl\":\"https:\/\/noticiasemdestaque.com\/cd\/wp-content\/uploads\/2018\/05\/Mosquito-DENGUE.png\",\"articleSection\":[\"Cidades\"],\"inLanguage\":\"pt-BR\"},{\"@type\":\"WebPage\",\"@id\":\"https:\/\/noticiasemdestaque.com\/cd\/?p=10611\",\"url\":\"https:\/\/noticiasemdestaque.com\/cd\/?p=10611\",\"name\":\"Mais de 50 cidades da PB est\u00e3o em risco para surto de dengue, zika e chikungunya; Veja as do Cariri - Not&iacute;cias em Destaque\",\"isPartOf\":{\"@id\":\"https:\/\/noticiasemdestaque.com\/cd\/#website\"},\"primaryImageOfPage\":{\"@id\":\"https:\/\/noticiasemdestaque.com\/cd\/?p=10611#primaryimage\"},\"image\":{\"@id\":\"https:\/\/noticiasemdestaque.com\/cd\/?p=10611#primaryimage\"},\"thumbnailUrl\":\"https:\/\/noticiasemdestaque.com\/cd\/wp-content\/uploads\/2018\/05\/Mosquito-DENGUE.png\",\"datePublished\":\"2018-06-10T11:11:58+00:00\",\"breadcrumb\":{\"@id\":\"https:\/\/noticiasemdestaque.com\/cd\/?p=10611#breadcrumb\"},\"inLanguage\":\"pt-BR\",\"potentialAction\":[{\"@type\":\"ReadAction\",\"target\":[\"https:\/\/noticiasemdestaque.com\/cd\/?p=10611\"]}]},{\"@type\":\"ImageObject\",\"inLanguage\":\"pt-BR\",\"@id\":\"https:\/\/noticiasemdestaque.com\/cd\/?p=10611#primaryimage\",\"url\":\"https:\/\/noticiasemdestaque.com\/cd\/wp-content\/uploads\/2018\/05\/Mosquito-DENGUE.png\",\"contentUrl\":\"https:\/\/noticiasemdestaque.com\/cd\/wp-content\/uploads\/2018\/05\/Mosquito-DENGUE.png\",\"width\":800,\"height\":794},{\"@type\":\"BreadcrumbList\",\"@id\":\"https:\/\/noticiasemdestaque.com\/cd\/?p=10611#breadcrumb\",\"itemListElement\":[{\"@type\":\"ListItem\",\"position\":1,\"name\":\"In\u00edcio\",\"item\":\"https:\/\/noticiasemdestaque.com\/cd\/\"},{\"@type\":\"ListItem\",\"position\":2,\"name\":\"Mais de 50 cidades da PB est\u00e3o em risco para surto de dengue, zika e chikungunya; Veja as do Cariri\"}]},{\"@type\":\"WebSite\",\"@id\":\"https:\/\/noticiasemdestaque.com\/cd\/#website\",\"url\":\"https:\/\/noticiasemdestaque.com\/cd\/\",\"name\":\"Not&iacute;cias em Destaque\",\"description\":\"\",\"publisher\":{\"@id\":\"https:\/\/noticiasemdestaque.com\/cd\/#organization\"},\"potentialAction\":[{\"@type\":\"SearchAction\",\"target\":{\"@type\":\"EntryPoint\",\"urlTemplate\":\"https:\/\/noticiasemdestaque.com\/cd\/?s={search_term_string}\"},\"query-input\":{\"@type\":\"PropertyValueSpecification\",\"valueRequired\":true,\"valueName\":\"search_term_string\"}}],\"inLanguage\":\"pt-BR\"},{\"@type\":\"Organization\",\"@id\":\"https:\/\/noticiasemdestaque.com\/cd\/#organization\",\"name\":\"Not\u00edcias em Destaque\",\"url\":\"https:\/\/noticiasemdestaque.com\/cd\/\",\"logo\":{\"@type\":\"ImageObject\",\"inLanguage\":\"pt-BR\",\"@id\":\"https:\/\/noticiasemdestaque.com\/cd\/#\/schema\/logo\/image\/\",\"url\":\"https:\/\/noticiasemdestaque.com\/cd\/wp-content\/uploads\/2022\/05\/imagem-base-noticiasemdestaque.png\",\"contentUrl\":\"https:\/\/noticiasemdestaque.com\/cd\/wp-content\/uploads\/2022\/05\/imagem-base-noticiasemdestaque.png\",\"width\":1200,\"height\":630,\"caption\":\"Not\u00edcias em Destaque\"},\"image\":{\"@id\":\"https:\/\/noticiasemdestaque.com\/cd\/#\/schema\/logo\/image\/\"}},{\"@type\":\"Person\",\"@id\":\"https:\/\/noticiasemdestaque.com\/cd\/#\/schema\/person\/47f7d4f55eec17c6b2ca036c5500f6ce\",\"name\":\"Not\u00edcias em Destaque\",\"url\":\"https:\/\/noticiasemdestaque.com\/cd\/?author=2\"}]}<\/script>\n<!-- \/ Yoast SEO plugin. -->","yoast_head_json":{"title":"Mais de 50 cidades da PB est\u00e3o em risco para surto de dengue, zika e chikungunya; Veja as do Cariri - Not&iacute;cias em Destaque","robots":{"index":"index","follow":"follow","max-snippet":"max-snippet:-1","max-image-preview":"max-image-preview:large","max-video-preview":"max-video-preview:-1"},"canonical":"https:\/\/noticiasemdestaque.com\/cd\/?p=10611","og_locale":"pt_BR","og_type":"article","og_title":"Mais de 50 cidades da PB est\u00e3o em risco para surto de dengue, zika e chikungunya; Veja as do Cariri - Not&iacute;cias em Destaque","og_description":"Minist\u00e9rio da Sa\u00fade divulgou na tarde desta sexta-feira (8) que 22% das cidades brasileiras (1153)\u00a0 est\u00e3o em risco para surto de dengue, zika e chikungunya. Na Para\u00edba, s\u00e3o estimadas 54 cidades nessa situa\u00e7\u00e3o, segundo estudo que avaliou \u00edndice de infesta\u00e7\u00e3o do Aedes aegypti. Outros 2.069 munic\u00edpios em todo o pa\u00eds est\u00e3o em alerta. Os dados foram coletados pelo Minist\u00e9rio da Sa\u00fade entre janeiro e 15 de mar\u00e7o de 2018. O LIRAa (Levantamento R\u00e1pido de \u00cdndices por Aedes aegypti ) \u00e9 feito periodicamente pela pasta e tem o objetivo de monitorar o Aedes para planejar a\u00e7\u00f5es de interven\u00e7\u00e3o \u2013\u00a0a meta \u00e9 evitar surtos e alertar a popula\u00e7\u00e3o para o risco de doen\u00e7as associadas ao mosquito. Dentre as capitais, apenas tr\u00eas delas tiveram \u00edndice satisfat\u00f3rio: S\u00e3o Paulo (SP), Jo\u00e3o Pessoa (PB) e Aracaju (SE), informa o Minist\u00e9rio da Sa\u00fade. Confira a lista completa de munic\u00edpios, com a avalia\u00e7\u00e3o do risco de cada um deles. 1.\u00a0\u00a0\u00a0\u00a0\u00a0\u00a0 Monteiro 2.\u00a0\u00a0\u00a0\u00a0\u00a0\u00a0 Pirpirituba 3.\u00a0\u00a0\u00a0\u00a0\u00a0\u00a0 S\u00e3o Jos\u00e9 de Piranhas 4.\u00a0\u00a0\u00a0\u00a0\u00a0\u00a0 Arara 5.\u00a0\u00a0\u00a0\u00a0\u00a0\u00a0 Boqueir\u00e3o 6.\u00a0\u00a0\u00a0\u00a0\u00a0\u00a0 Patos 7.\u00a0\u00a0\u00a0\u00a0\u00a0\u00a0 S\u00e3o Miguel de Taipu 8.\u00a0\u00a0\u00a0\u00a0\u00a0\u00a0 Barra de Santana 9.\u00a0\u00a0\u00a0\u00a0\u00a0\u00a0 Solanea 10.\u00a0\u00a0 Cacimbas 11.\u00a0\u00a0 Caldas Brand\u00e3o 12.\u00a0\u00a0 Fagundes 13.\u00a0\u00a0 Rem\u00edgio 14.\u00a0\u00a0 Nazarezinho 15.\u00a0\u00a0 Mulungu 16.\u00a0\u00a0 S\u00e3o Bento 17.\u00a0\u00a0 Igaracy 18.\u00a0\u00a0 Areia 19.\u00a0\u00a0 Serra Branca 20.\u00a0\u00a0 Olivedos 21.\u00a0\u00a0 Brejo dos Santos 22.\u00a0\u00a0 Matur\u00e9ia 23.\u00a0\u00a0 Itatuba 24.\u00a0\u00a0 Cachoeira dos \u00cdndios 25.\u00a0\u00a0 S\u00e3o Domingos de Pombal 26.\u00a0\u00a0 Lastro 27.\u00a0\u00a0 Princesa Isabel 28.\u00a0\u00a0 Picu\u00ed 29.\u00a0\u00a0 Lagoa Seca 30.\u00a0\u00a0 Cajazeirinhas 31.\u00a0\u00a0 Serra Grande 32.\u00a0\u00a0 Bel\u00e9m do Brejo do Cruz PB 33.\u00a0\u00a0 S\u00e3o Jos\u00e9 da Lagoa Tapada 34.\u00a0\u00a0 Brejo do Cruz 35.\u00a0\u00a0 Lagoa 36.\u00a0\u00a0 Condado 37.\u00a0\u00a0 Imaculada 38.\u00a0\u00a0 Alagoa Grande 39.\u00a0\u00a0 Pedra Lavrada 40.\u00a0\u00a0 \u00c1gua Branca 41.\u00a0\u00a0 Ing\u00e1 42.\u00a0\u00a0 Aparecida 43.\u00a0\u00a0 Riacho dos Cavalos 44.\u00a0\u00a0 Soledade 45.\u00a0\u00a0 Pocinhos 46.\u00a0\u00a0 Malta 47.\u00a0\u00a0 Serid\u00f3 48.\u00a0\u00a0 Sousa 49.\u00a0\u00a0 Cai\u00e7ara 50.\u00a0\u00a0 Juarez T\u00e1vora 51.\u00a0\u00a0 Santa Luzia 52.\u00a0\u00a0 Juazeirinho 53.\u00a0\u00a0 Alagoa Nova 54.\u00a0\u00a0 Cacimba de Dentro 55.\u00a0\u00a0 Mogeiro Por\u00a0Emmanuela Nunes","og_url":"https:\/\/noticiasemdestaque.com\/cd\/?p=10611","og_site_name":"Not&iacute;cias em Destaque","article_published_time":"2018-06-10T11:11:58+00:00","og_image":[{"width":800,"height":794,"url":"https:\/\/noticiasemdestaque.com\/cd\/wp-content\/uploads\/2018\/05\/Mosquito-DENGUE.png","type":"image\/png"}],"author":"Not\u00edcias em Destaque","twitter_card":"summary_large_image","twitter_misc":{"Escrito por":"Not\u00edcias em Destaque","Est. tempo de leitura":"1 minuto"},"schema":{"@context":"https:\/\/schema.org","@graph":[{"@type":"Article","@id":"https:\/\/noticiasemdestaque.com\/cd\/?p=10611#article","isPartOf":{"@id":"https:\/\/noticiasemdestaque.com\/cd\/?p=10611"},"author":{"name":"Not\u00edcias em Destaque","@id":"https:\/\/noticiasemdestaque.com\/cd\/#\/schema\/person\/47f7d4f55eec17c6b2ca036c5500f6ce"},"headline":"Mais de 50 cidades da PB est\u00e3o em risco para surto de dengue, zika e chikungunya; Veja as do Cariri","datePublished":"2018-06-10T11:11:58+00:00","mainEntityOfPage":{"@id":"https:\/\/noticiasemdestaque.com\/cd\/?p=10611"},"wordCount":300,"publisher":{"@id":"https:\/\/noticiasemdestaque.com\/cd\/#organization"},"image":{"@id":"https:\/\/noticiasemdestaque.com\/cd\/?p=10611#primaryimage"},"thumbnailUrl":"https:\/\/noticiasemdestaque.com\/cd\/wp-content\/uploads\/2018\/05\/Mosquito-DENGUE.png","articleSection":["Cidades"],"inLanguage":"pt-BR"},{"@type":"WebPage","@id":"https:\/\/noticiasemdestaque.com\/cd\/?p=10611","url":"https:\/\/noticiasemdestaque.com\/cd\/?p=10611","name":"Mais de 50 cidades da PB est\u00e3o em risco para surto de dengue, zika e chikungunya; Veja as do Cariri - Not&iacute;cias em Destaque","isPartOf":{"@id":"https:\/\/noticiasemdestaque.com\/cd\/#website"},"primaryImageOfPage":{"@id":"https:\/\/noticiasemdestaque.com\/cd\/?p=10611#primaryimage"},"image":{"@id":"https:\/\/noticiasemdestaque.com\/cd\/?p=10611#primaryimage"},"thumbnailUrl":"https:\/\/noticiasemdestaque.com\/cd\/wp-content\/uploads\/2018\/05\/Mosquito-DENGUE.png","datePublished":"2018-06-10T11:11:58+00:00","breadcrumb":{"@id":"https:\/\/noticiasemdestaque.com\/cd\/?p=10611#breadcrumb"},"inLanguage":"pt-BR","potentialAction":[{"@type":"ReadAction","target":["https:\/\/noticiasemdestaque.com\/cd\/?p=10611"]}]},{"@type":"ImageObject","inLanguage":"pt-BR","@id":"https:\/\/noticiasemdestaque.com\/cd\/?p=10611#primaryimage","url":"https:\/\/noticiasemdestaque.com\/cd\/wp-content\/uploads\/2018\/05\/Mosquito-DENGUE.png","contentUrl":"https:\/\/noticiasemdestaque.com\/cd\/wp-content\/uploads\/2018\/05\/Mosquito-DENGUE.png","width":800,"height":794},{"@type":"BreadcrumbList","@id":"https:\/\/noticiasemdestaque.com\/cd\/?p=10611#breadcrumb","itemListElement":[{"@type":"ListItem","position":1,"name":"In\u00edcio","item":"https:\/\/noticiasemdestaque.com\/cd\/"},{"@type":"ListItem","position":2,"name":"Mais de 50 cidades da PB est\u00e3o em risco para surto de dengue, zika e chikungunya; Veja as do Cariri"}]},{"@type":"WebSite","@id":"https:\/\/noticiasemdestaque.com\/cd\/#website","url":"https:\/\/noticiasemdestaque.com\/cd\/","name":"Not&iacute;cias em Destaque","description":"","publisher":{"@id":"https:\/\/noticiasemdestaque.com\/cd\/#organization"},"potentialAction":[{"@type":"SearchAction","target":{"@type":"EntryPoint","urlTemplate":"https:\/\/noticiasemdestaque.com\/cd\/?s={search_term_string}"},"query-input":{"@type":"PropertyValueSpecification","valueRequired":true,"valueName":"search_term_string"}}],"inLanguage":"pt-BR"},{"@type":"Organization","@id":"https:\/\/noticiasemdestaque.com\/cd\/#organization","name":"Not\u00edcias em Destaque","url":"https:\/\/noticiasemdestaque.com\/cd\/","logo":{"@type":"ImageObject","inLanguage":"pt-BR","@id":"https:\/\/noticiasemdestaque.com\/cd\/#\/schema\/logo\/image\/","url":"https:\/\/noticiasemdestaque.com\/cd\/wp-content\/uploads\/2022\/05\/imagem-base-noticiasemdestaque.png","contentUrl":"https:\/\/noticiasemdestaque.com\/cd\/wp-content\/uploads\/2022\/05\/imagem-base-noticiasemdestaque.png","width":1200,"height":630,"caption":"Not\u00edcias em Destaque"},"image":{"@id":"https:\/\/noticiasemdestaque.com\/cd\/#\/schema\/logo\/image\/"}},{"@type":"Person","@id":"https:\/\/noticiasemdestaque.com\/cd\/#\/schema\/person\/47f7d4f55eec17c6b2ca036c5500f6ce","name":"Not\u00edcias em Destaque","url":"https:\/\/noticiasemdestaque.com\/cd\/?author=2"}]}},"jetpack_featured_media_url":"https:\/\/noticiasemdestaque.com\/cd\/wp-content\/uploads\/2018\/05\/Mosquito-DENGUE.png","jetpack_sharing_enabled":true,"_links":{"self":[{"href":"https:\/\/noticiasemdestaque.com\/cd\/index.php?rest_route=\/wp\/v2\/posts\/10611","targetHints":{"allow":["GET"]}}],"collection":[{"href":"https:\/\/noticiasemdestaque.com\/cd\/index.php?rest_route=\/wp\/v2\/posts"}],"about":[{"href":"https:\/\/noticiasemdestaque.com\/cd\/index.php?rest_route=\/wp\/v2\/types\/post"}],"author":[{"embeddable":true,"href":"https:\/\/noticiasemdestaque.com\/cd\/index.php?rest_route=\/wp\/v2\/users\/2"}],"replies":[{"embeddable":true,"href":"https:\/\/noticiasemdestaque.com\/cd\/index.php?rest_route=%2Fwp%2Fv2%2Fcomments&post=10611"}],"version-history":[{"count":1,"href":"https:\/\/noticiasemdestaque.com\/cd\/index.php?rest_route=\/wp\/v2\/posts\/10611\/revisions"}],"predecessor-version":[{"id":10612,"href":"https:\/\/noticiasemdestaque.com\/cd\/index.php?rest_route=\/wp\/v2\/posts\/10611\/revisions\/10612"}],"wp:featuredmedia":[{"embeddable":true,"href":"https:\/\/noticiasemdestaque.com\/cd\/index.php?rest_route=\/wp\/v2\/media\/10020"}],"wp:attachment":[{"href":"https:\/\/noticiasemdestaque.com\/cd\/index.php?rest_route=%2Fwp%2Fv2%2Fmedia&parent=10611"}],"wp:term":[{"taxonomy":"category","embeddable":true,"href":"https:\/\/noticiasemdestaque.com\/cd\/index.php?rest_route=%2Fwp%2Fv2%2Fcategories&post=10611"},{"taxonomy":"post_tag","embeddable":true,"href":"https:\/\/noticiasemdestaque.com\/cd\/index.php?rest_route=%2Fwp%2Fv2%2Ftags&post=10611"}],"curies":[{"name":"wp","href":"https:\/\/api.w.org\/{rel}","templated":true}]}}