{"id":1048,"date":"2017-06-29T10:23:06","date_gmt":"2017-06-29T13:23:06","guid":{"rendered":"http:\/\/caririemdestaque.com\/cd\/?p=1048"},"modified":"2017-06-29T10:23:22","modified_gmt":"2017-06-29T13:23:22","slug":"prazo-para-ipva-com-desconto-de-10-termina-nesta-sexta-feira","status":"publish","type":"post","link":"https:\/\/noticiasemdestaque.com\/cd\/?p=1048","title":{"rendered":"Prazo para IPVA com desconto de 10% termina nesta sexta-feira"},"content":{"rendered":"<p><a href=\"http:\/\/caririemdestaque.com\/cd\/wp-content\/uploads\/2017\/06\/ipva-atrasado-pagamento-1.jpg\"><img fetchpriority=\"high\" decoding=\"async\" class=\"size-medium wp-image-1050 alignleft\" src=\"http:\/\/caririemdestaque.com\/cd\/wp-content\/uploads\/2017\/06\/ipva-atrasado-pagamento-1-300x197.jpg\" alt=\"\" width=\"300\" height=\"197\" srcset=\"https:\/\/noticiasemdestaque.com\/cd\/wp-content\/uploads\/2017\/06\/ipva-atrasado-pagamento-1-300x197.jpg 300w, https:\/\/noticiasemdestaque.com\/cd\/wp-content\/uploads\/2017\/06\/ipva-atrasado-pagamento-1.jpg 491w\" sizes=\"(max-width: 300px) 100vw, 300px\" \/><\/a>Os propriet\u00e1rios de ve\u00edculos com placa final 6 podem garantir o desconto de 10% no pagamento do Imposto sobre a Propriedade de Ve\u00edculos Automotores (IPVA) se efetuarem o tributo, na op\u00e7\u00e3o da cota \u00fanica \u00e0 vista, at\u00e9 esta sexta-feira (30). Os contribuintes t\u00eam outras duas op\u00e7\u00f5es de pagamento: o parcelamento em tr\u00eas vezes sem desconto, sendo a primeira com vencimento tamb\u00e9m no dia 30 de junho; ou pagamento total do IPVA apenas no dia 31 de agosto, mas sem desconto de 10%.<\/p>\n<p>O Sindicato dos Banc\u00e1rios da Para\u00edba comunicou que n\u00e3o haver\u00e1 expediente interno nas ag\u00eancias devido \u00e0 greve geral, que vai acontecer nesta sexta-feira (30). Contudo, a Receita Estadual alerta que n\u00e3o vai prorrogar o pagamento e orienta os contribuintes procurarem as op\u00e7\u00f5es alternativas, durante a sexta-feira, como, por exemplo, nos caixas de autoatendimento dos bancos, que estar\u00e3o funcionando, ou ent\u00e3o de forma mais pr\u00e1tica, no mobile banking \u2013 aplicativo dispon\u00edvel pelo BB para aparelhos m\u00f3veis como smartphones e tablets.<\/p>\n<p>EMISS\u00d5ES DO BOLETO DO IPVA \u2013 \u00c9 bom lembrar que as emiss\u00f5es dos boletos do IPVA somente ser\u00e3o impressas via portais da Secretaria de Estado da Receita www.receita.pb.gov.br ou do Detran-PB http:\/\/www.detran.pb.gov.br. Para imprimir, o contribuinte vai precisar digitar apenas os n\u00fameros da placa do ve\u00edculo e do Renavam impressos no documento CRV (Certificado de Registro de Ve\u00edculo).<\/p>\n<p><em><strong>Cariri em Destaque<\/strong><\/em><\/p>\n<p>Com Secom<\/p>\n","protected":false},"excerpt":{"rendered":"<p>Os propriet\u00e1rios de ve\u00edculos com placa final 6 podem garantir o desconto de 10% no pagamento do Imposto sobre a Propriedade de Ve\u00edculos Automotores (IPVA) se efetuarem o tributo, na op\u00e7\u00e3o da cota \u00fanica \u00e0 vista, at\u00e9 esta sexta-feira (30). Os contribuintes t\u00eam outras duas op\u00e7\u00f5es de pagamento: o parcelamento em tr\u00eas vezes sem desconto, sendo a primeira com vencimento tamb\u00e9m no dia 30 de junho; ou pagamento total do IPVA apenas no dia 31 de agosto, mas sem desconto de 10%. O Sindicato dos Banc\u00e1rios da Para\u00edba comunicou que n\u00e3o haver\u00e1 expediente interno nas ag\u00eancias devido \u00e0 greve geral, que vai acontecer nesta sexta-feira (30). Contudo, a Receita Estadual alerta que n\u00e3o vai prorrogar o pagamento e orienta os contribuintes procurarem as op\u00e7\u00f5es alternativas, durante a sexta-feira, como, por exemplo, nos caixas de autoatendimento dos bancos, que estar\u00e3o funcionando, ou ent\u00e3o de forma mais pr\u00e1tica, no mobile banking \u2013 aplicativo dispon\u00edvel pelo BB para aparelhos m\u00f3veis como smartphones e tablets. EMISS\u00d5ES DO BOLETO DO IPVA \u2013 \u00c9 bom lembrar que as emiss\u00f5es dos boletos do IPVA somente ser\u00e3o impressas via portais da Secretaria de Estado da Receita www.receita.pb.gov.br ou do Detran-PB http:\/\/www.detran.pb.gov.br. Para imprimir, o contribuinte vai precisar digitar apenas os n\u00fameros da placa do ve\u00edculo e do Renavam impressos no documento CRV (Certificado de Registro de Ve\u00edculo). Cariri em Destaque Com Secom<\/p>\n","protected":false},"author":2,"featured_media":0,"comment_status":"closed","ping_status":"open","sticky":false,"template":"","format":"standard","meta":{"_eb_attr":"","_jetpack_memberships_contains_paid_content":false,"footnotes":""},"categories":[11],"tags":[],"class_list":["post-1048","post","type-post","status-publish","format-standard","hentry","category-economia"],"yoast_head":"<!-- This site is optimized with the Yoast SEO plugin v26.5 - https:\/\/yoast.com\/wordpress\/plugins\/seo\/ -->\n<title>Prazo para IPVA com desconto de 10% termina nesta sexta-feira - Not&iacute;cias em Destaque<\/title>\n<meta name=\"robots\" content=\"index, follow, max-snippet:-1, max-image-preview:large, max-video-preview:-1\" \/>\n<link rel=\"canonical\" href=\"https:\/\/noticiasemdestaque.com\/cd\/?p=1048\" \/>\n<meta property=\"og:locale\" content=\"pt_BR\" \/>\n<meta property=\"og:type\" content=\"article\" \/>\n<meta property=\"og:title\" content=\"Prazo para IPVA com desconto de 10% termina nesta sexta-feira - Not&iacute;cias em Destaque\" \/>\n<meta property=\"og:description\" content=\"Os propriet\u00e1rios de ve\u00edculos com placa final 6 podem garantir o desconto de 10% no pagamento do Imposto sobre a Propriedade de Ve\u00edculos Automotores (IPVA) se efetuarem o tributo, na op\u00e7\u00e3o da cota \u00fanica \u00e0 vista, at\u00e9 esta sexta-feira (30). Os contribuintes t\u00eam outras duas op\u00e7\u00f5es de pagamento: o parcelamento em tr\u00eas vezes sem desconto, sendo a primeira com vencimento tamb\u00e9m no dia 30 de junho; ou pagamento total do IPVA apenas no dia 31 de agosto, mas sem desconto de 10%. O Sindicato dos Banc\u00e1rios da Para\u00edba comunicou que n\u00e3o haver\u00e1 expediente interno nas ag\u00eancias devido \u00e0 greve geral, que vai acontecer nesta sexta-feira (30). Contudo, a Receita Estadual alerta que n\u00e3o vai prorrogar o pagamento e orienta os contribuintes procurarem as op\u00e7\u00f5es alternativas, durante a sexta-feira, como, por exemplo, nos caixas de autoatendimento dos bancos, que estar\u00e3o funcionando, ou ent\u00e3o de forma mais pr\u00e1tica, no mobile banking \u2013 aplicativo dispon\u00edvel pelo BB para aparelhos m\u00f3veis como smartphones e tablets. EMISS\u00d5ES DO BOLETO DO IPVA \u2013 \u00c9 bom lembrar que as emiss\u00f5es dos boletos do IPVA somente ser\u00e3o impressas via portais da Secretaria de Estado da Receita www.receita.pb.gov.br ou do Detran-PB http:\/\/www.detran.pb.gov.br. Para imprimir, o contribuinte vai precisar digitar apenas os n\u00fameros da placa do ve\u00edculo e do Renavam impressos no documento CRV (Certificado de Registro de Ve\u00edculo). Cariri em Destaque Com Secom\" \/>\n<meta property=\"og:url\" content=\"https:\/\/noticiasemdestaque.com\/cd\/?p=1048\" \/>\n<meta property=\"og:site_name\" content=\"Not&iacute;cias em Destaque\" \/>\n<meta property=\"article:published_time\" content=\"2017-06-29T13:23:06+00:00\" \/>\n<meta property=\"article:modified_time\" content=\"2017-06-29T13:23:22+00:00\" \/>\n<meta property=\"og:image\" content=\"http:\/\/caririemdestaque.com\/cd\/wp-content\/uploads\/2017\/06\/ipva-atrasado-pagamento-1-300x197.jpg\" \/>\n<meta name=\"author\" content=\"Not\u00edcias em Destaque\" \/>\n<meta name=\"twitter:card\" content=\"summary_large_image\" \/>\n<meta name=\"twitter:label1\" content=\"Escrito por\" \/>\n\t<meta name=\"twitter:data1\" content=\"Not\u00edcias em Destaque\" \/>\n\t<meta name=\"twitter:label2\" content=\"Est. tempo de leitura\" \/>\n\t<meta name=\"twitter:data2\" content=\"1 minuto\" \/>\n<script type=\"application\/ld+json\" class=\"yoast-schema-graph\">{\"@context\":\"https:\/\/schema.org\",\"@graph\":[{\"@type\":\"Article\",\"@id\":\"https:\/\/noticiasemdestaque.com\/cd\/?p=1048#article\",\"isPartOf\":{\"@id\":\"https:\/\/noticiasemdestaque.com\/cd\/?p=1048\"},\"author\":{\"name\":\"Not\u00edcias em Destaque\",\"@id\":\"https:\/\/noticiasemdestaque.com\/cd\/#\/schema\/person\/47f7d4f55eec17c6b2ca036c5500f6ce\"},\"headline\":\"Prazo para IPVA com desconto de 10% termina nesta sexta-feira\",\"datePublished\":\"2017-06-29T13:23:06+00:00\",\"dateModified\":\"2017-06-29T13:23:22+00:00\",\"mainEntityOfPage\":{\"@id\":\"https:\/\/noticiasemdestaque.com\/cd\/?p=1048\"},\"wordCount\":255,\"publisher\":{\"@id\":\"https:\/\/noticiasemdestaque.com\/cd\/#organization\"},\"image\":{\"@id\":\"https:\/\/noticiasemdestaque.com\/cd\/?p=1048#primaryimage\"},\"thumbnailUrl\":\"http:\/\/caririemdestaque.com\/cd\/wp-content\/uploads\/2017\/06\/ipva-atrasado-pagamento-1-300x197.jpg\",\"articleSection\":[\"Economia\"],\"inLanguage\":\"pt-BR\"},{\"@type\":\"WebPage\",\"@id\":\"https:\/\/noticiasemdestaque.com\/cd\/?p=1048\",\"url\":\"https:\/\/noticiasemdestaque.com\/cd\/?p=1048\",\"name\":\"Prazo para IPVA com desconto de 10% termina nesta sexta-feira - Not&iacute;cias em Destaque\",\"isPartOf\":{\"@id\":\"https:\/\/noticiasemdestaque.com\/cd\/#website\"},\"primaryImageOfPage\":{\"@id\":\"https:\/\/noticiasemdestaque.com\/cd\/?p=1048#primaryimage\"},\"image\":{\"@id\":\"https:\/\/noticiasemdestaque.com\/cd\/?p=1048#primaryimage\"},\"thumbnailUrl\":\"http:\/\/caririemdestaque.com\/cd\/wp-content\/uploads\/2017\/06\/ipva-atrasado-pagamento-1-300x197.jpg\",\"datePublished\":\"2017-06-29T13:23:06+00:00\",\"dateModified\":\"2017-06-29T13:23:22+00:00\",\"breadcrumb\":{\"@id\":\"https:\/\/noticiasemdestaque.com\/cd\/?p=1048#breadcrumb\"},\"inLanguage\":\"pt-BR\",\"potentialAction\":[{\"@type\":\"ReadAction\",\"target\":[\"https:\/\/noticiasemdestaque.com\/cd\/?p=1048\"]}]},{\"@type\":\"ImageObject\",\"inLanguage\":\"pt-BR\",\"@id\":\"https:\/\/noticiasemdestaque.com\/cd\/?p=1048#primaryimage\",\"url\":\"http:\/\/caririemdestaque.com\/cd\/wp-content\/uploads\/2017\/06\/ipva-atrasado-pagamento-1-300x197.jpg\",\"contentUrl\":\"http:\/\/caririemdestaque.com\/cd\/wp-content\/uploads\/2017\/06\/ipva-atrasado-pagamento-1-300x197.jpg\"},{\"@type\":\"BreadcrumbList\",\"@id\":\"https:\/\/noticiasemdestaque.com\/cd\/?p=1048#breadcrumb\",\"itemListElement\":[{\"@type\":\"ListItem\",\"position\":1,\"name\":\"In\u00edcio\",\"item\":\"https:\/\/noticiasemdestaque.com\/cd\/\"},{\"@type\":\"ListItem\",\"position\":2,\"name\":\"Prazo para IPVA com desconto de 10% termina nesta sexta-feira\"}]},{\"@type\":\"WebSite\",\"@id\":\"https:\/\/noticiasemdestaque.com\/cd\/#website\",\"url\":\"https:\/\/noticiasemdestaque.com\/cd\/\",\"name\":\"Not&iacute;cias em Destaque\",\"description\":\"\",\"publisher\":{\"@id\":\"https:\/\/noticiasemdestaque.com\/cd\/#organization\"},\"potentialAction\":[{\"@type\":\"SearchAction\",\"target\":{\"@type\":\"EntryPoint\",\"urlTemplate\":\"https:\/\/noticiasemdestaque.com\/cd\/?s={search_term_string}\"},\"query-input\":{\"@type\":\"PropertyValueSpecification\",\"valueRequired\":true,\"valueName\":\"search_term_string\"}}],\"inLanguage\":\"pt-BR\"},{\"@type\":\"Organization\",\"@id\":\"https:\/\/noticiasemdestaque.com\/cd\/#organization\",\"name\":\"Not\u00edcias em Destaque\",\"url\":\"https:\/\/noticiasemdestaque.com\/cd\/\",\"logo\":{\"@type\":\"ImageObject\",\"inLanguage\":\"pt-BR\",\"@id\":\"https:\/\/noticiasemdestaque.com\/cd\/#\/schema\/logo\/image\/\",\"url\":\"https:\/\/noticiasemdestaque.com\/cd\/wp-content\/uploads\/2022\/05\/imagem-base-noticiasemdestaque.png\",\"contentUrl\":\"https:\/\/noticiasemdestaque.com\/cd\/wp-content\/uploads\/2022\/05\/imagem-base-noticiasemdestaque.png\",\"width\":1200,\"height\":630,\"caption\":\"Not\u00edcias em Destaque\"},\"image\":{\"@id\":\"https:\/\/noticiasemdestaque.com\/cd\/#\/schema\/logo\/image\/\"}},{\"@type\":\"Person\",\"@id\":\"https:\/\/noticiasemdestaque.com\/cd\/#\/schema\/person\/47f7d4f55eec17c6b2ca036c5500f6ce\",\"name\":\"Not\u00edcias em Destaque\",\"url\":\"https:\/\/noticiasemdestaque.com\/cd\/?author=2\"}]}<\/script>\n<!-- \/ Yoast SEO plugin. -->","yoast_head_json":{"title":"Prazo para IPVA com desconto de 10% termina nesta sexta-feira - Not&iacute;cias em Destaque","robots":{"index":"index","follow":"follow","max-snippet":"max-snippet:-1","max-image-preview":"max-image-preview:large","max-video-preview":"max-video-preview:-1"},"canonical":"https:\/\/noticiasemdestaque.com\/cd\/?p=1048","og_locale":"pt_BR","og_type":"article","og_title":"Prazo para IPVA com desconto de 10% termina nesta sexta-feira - Not&iacute;cias em Destaque","og_description":"Os propriet\u00e1rios de ve\u00edculos com placa final 6 podem garantir o desconto de 10% no pagamento do Imposto sobre a Propriedade de Ve\u00edculos Automotores (IPVA) se efetuarem o tributo, na op\u00e7\u00e3o da cota \u00fanica \u00e0 vista, at\u00e9 esta sexta-feira (30). Os contribuintes t\u00eam outras duas op\u00e7\u00f5es de pagamento: o parcelamento em tr\u00eas vezes sem desconto, sendo a primeira com vencimento tamb\u00e9m no dia 30 de junho; ou pagamento total do IPVA apenas no dia 31 de agosto, mas sem desconto de 10%. O Sindicato dos Banc\u00e1rios da Para\u00edba comunicou que n\u00e3o haver\u00e1 expediente interno nas ag\u00eancias devido \u00e0 greve geral, que vai acontecer nesta sexta-feira (30). Contudo, a Receita Estadual alerta que n\u00e3o vai prorrogar o pagamento e orienta os contribuintes procurarem as op\u00e7\u00f5es alternativas, durante a sexta-feira, como, por exemplo, nos caixas de autoatendimento dos bancos, que estar\u00e3o funcionando, ou ent\u00e3o de forma mais pr\u00e1tica, no mobile banking \u2013 aplicativo dispon\u00edvel pelo BB para aparelhos m\u00f3veis como smartphones e tablets. EMISS\u00d5ES DO BOLETO DO IPVA \u2013 \u00c9 bom lembrar que as emiss\u00f5es dos boletos do IPVA somente ser\u00e3o impressas via portais da Secretaria de Estado da Receita www.receita.pb.gov.br ou do Detran-PB http:\/\/www.detran.pb.gov.br. Para imprimir, o contribuinte vai precisar digitar apenas os n\u00fameros da placa do ve\u00edculo e do Renavam impressos no documento CRV (Certificado de Registro de Ve\u00edculo). Cariri em Destaque Com Secom","og_url":"https:\/\/noticiasemdestaque.com\/cd\/?p=1048","og_site_name":"Not&iacute;cias em Destaque","article_published_time":"2017-06-29T13:23:06+00:00","article_modified_time":"2017-06-29T13:23:22+00:00","og_image":[{"url":"http:\/\/caririemdestaque.com\/cd\/wp-content\/uploads\/2017\/06\/ipva-atrasado-pagamento-1-300x197.jpg","type":"","width":"","height":""}],"author":"Not\u00edcias em Destaque","twitter_card":"summary_large_image","twitter_misc":{"Escrito por":"Not\u00edcias em Destaque","Est. tempo de leitura":"1 minuto"},"schema":{"@context":"https:\/\/schema.org","@graph":[{"@type":"Article","@id":"https:\/\/noticiasemdestaque.com\/cd\/?p=1048#article","isPartOf":{"@id":"https:\/\/noticiasemdestaque.com\/cd\/?p=1048"},"author":{"name":"Not\u00edcias em Destaque","@id":"https:\/\/noticiasemdestaque.com\/cd\/#\/schema\/person\/47f7d4f55eec17c6b2ca036c5500f6ce"},"headline":"Prazo para IPVA com desconto de 10% termina nesta sexta-feira","datePublished":"2017-06-29T13:23:06+00:00","dateModified":"2017-06-29T13:23:22+00:00","mainEntityOfPage":{"@id":"https:\/\/noticiasemdestaque.com\/cd\/?p=1048"},"wordCount":255,"publisher":{"@id":"https:\/\/noticiasemdestaque.com\/cd\/#organization"},"image":{"@id":"https:\/\/noticiasemdestaque.com\/cd\/?p=1048#primaryimage"},"thumbnailUrl":"http:\/\/caririemdestaque.com\/cd\/wp-content\/uploads\/2017\/06\/ipva-atrasado-pagamento-1-300x197.jpg","articleSection":["Economia"],"inLanguage":"pt-BR"},{"@type":"WebPage","@id":"https:\/\/noticiasemdestaque.com\/cd\/?p=1048","url":"https:\/\/noticiasemdestaque.com\/cd\/?p=1048","name":"Prazo para IPVA com desconto de 10% termina nesta sexta-feira - Not&iacute;cias em Destaque","isPartOf":{"@id":"https:\/\/noticiasemdestaque.com\/cd\/#website"},"primaryImageOfPage":{"@id":"https:\/\/noticiasemdestaque.com\/cd\/?p=1048#primaryimage"},"image":{"@id":"https:\/\/noticiasemdestaque.com\/cd\/?p=1048#primaryimage"},"thumbnailUrl":"http:\/\/caririemdestaque.com\/cd\/wp-content\/uploads\/2017\/06\/ipva-atrasado-pagamento-1-300x197.jpg","datePublished":"2017-06-29T13:23:06+00:00","dateModified":"2017-06-29T13:23:22+00:00","breadcrumb":{"@id":"https:\/\/noticiasemdestaque.com\/cd\/?p=1048#breadcrumb"},"inLanguage":"pt-BR","potentialAction":[{"@type":"ReadAction","target":["https:\/\/noticiasemdestaque.com\/cd\/?p=1048"]}]},{"@type":"ImageObject","inLanguage":"pt-BR","@id":"https:\/\/noticiasemdestaque.com\/cd\/?p=1048#primaryimage","url":"http:\/\/caririemdestaque.com\/cd\/wp-content\/uploads\/2017\/06\/ipva-atrasado-pagamento-1-300x197.jpg","contentUrl":"http:\/\/caririemdestaque.com\/cd\/wp-content\/uploads\/2017\/06\/ipva-atrasado-pagamento-1-300x197.jpg"},{"@type":"BreadcrumbList","@id":"https:\/\/noticiasemdestaque.com\/cd\/?p=1048#breadcrumb","itemListElement":[{"@type":"ListItem","position":1,"name":"In\u00edcio","item":"https:\/\/noticiasemdestaque.com\/cd\/"},{"@type":"ListItem","position":2,"name":"Prazo para IPVA com desconto de 10% termina nesta sexta-feira"}]},{"@type":"WebSite","@id":"https:\/\/noticiasemdestaque.com\/cd\/#website","url":"https:\/\/noticiasemdestaque.com\/cd\/","name":"Not&iacute;cias em Destaque","description":"","publisher":{"@id":"https:\/\/noticiasemdestaque.com\/cd\/#organization"},"potentialAction":[{"@type":"SearchAction","target":{"@type":"EntryPoint","urlTemplate":"https:\/\/noticiasemdestaque.com\/cd\/?s={search_term_string}"},"query-input":{"@type":"PropertyValueSpecification","valueRequired":true,"valueName":"search_term_string"}}],"inLanguage":"pt-BR"},{"@type":"Organization","@id":"https:\/\/noticiasemdestaque.com\/cd\/#organization","name":"Not\u00edcias em Destaque","url":"https:\/\/noticiasemdestaque.com\/cd\/","logo":{"@type":"ImageObject","inLanguage":"pt-BR","@id":"https:\/\/noticiasemdestaque.com\/cd\/#\/schema\/logo\/image\/","url":"https:\/\/noticiasemdestaque.com\/cd\/wp-content\/uploads\/2022\/05\/imagem-base-noticiasemdestaque.png","contentUrl":"https:\/\/noticiasemdestaque.com\/cd\/wp-content\/uploads\/2022\/05\/imagem-base-noticiasemdestaque.png","width":1200,"height":630,"caption":"Not\u00edcias em Destaque"},"image":{"@id":"https:\/\/noticiasemdestaque.com\/cd\/#\/schema\/logo\/image\/"}},{"@type":"Person","@id":"https:\/\/noticiasemdestaque.com\/cd\/#\/schema\/person\/47f7d4f55eec17c6b2ca036c5500f6ce","name":"Not\u00edcias em Destaque","url":"https:\/\/noticiasemdestaque.com\/cd\/?author=2"}]}},"jetpack_featured_media_url":"","jetpack_sharing_enabled":true,"_links":{"self":[{"href":"https:\/\/noticiasemdestaque.com\/cd\/index.php?rest_route=\/wp\/v2\/posts\/1048","targetHints":{"allow":["GET"]}}],"collection":[{"href":"https:\/\/noticiasemdestaque.com\/cd\/index.php?rest_route=\/wp\/v2\/posts"}],"about":[{"href":"https:\/\/noticiasemdestaque.com\/cd\/index.php?rest_route=\/wp\/v2\/types\/post"}],"author":[{"embeddable":true,"href":"https:\/\/noticiasemdestaque.com\/cd\/index.php?rest_route=\/wp\/v2\/users\/2"}],"replies":[{"embeddable":true,"href":"https:\/\/noticiasemdestaque.com\/cd\/index.php?rest_route=%2Fwp%2Fv2%2Fcomments&post=1048"}],"version-history":[{"count":1,"href":"https:\/\/noticiasemdestaque.com\/cd\/index.php?rest_route=\/wp\/v2\/posts\/1048\/revisions"}],"predecessor-version":[{"id":1051,"href":"https:\/\/noticiasemdestaque.com\/cd\/index.php?rest_route=\/wp\/v2\/posts\/1048\/revisions\/1051"}],"wp:attachment":[{"href":"https:\/\/noticiasemdestaque.com\/cd\/index.php?rest_route=%2Fwp%2Fv2%2Fmedia&parent=1048"}],"wp:term":[{"taxonomy":"category","embeddable":true,"href":"https:\/\/noticiasemdestaque.com\/cd\/index.php?rest_route=%2Fwp%2Fv2%2Fcategories&post=1048"},{"taxonomy":"post_tag","embeddable":true,"href":"https:\/\/noticiasemdestaque.com\/cd\/index.php?rest_route=%2Fwp%2Fv2%2Ftags&post=1048"}],"curies":[{"name":"wp","href":"https:\/\/api.w.org\/{rel}","templated":true}]}}