{"id":1041,"date":"2017-05-24T07:02:28","date_gmt":"2017-05-24T10:02:28","guid":{"rendered":"http:\/\/caririemdestaque.com\/cd\/?p=1041"},"modified":"2017-06-29T00:05:50","modified_gmt":"2017-06-29T03:05:50","slug":"excluviso-camara-municipal-de-serra-branca-realiza-sessao-extraordinaria-para-debater-a-implantacao-do-conselho-de-seguranca-publica","status":"publish","type":"post","link":"https:\/\/noticiasemdestaque.com\/cd\/?p=1041","title":{"rendered":"EXCLUVISO: C\u00e2mara Municipal de Serra Branca realiza sess\u00e3o extraordin\u00e1ria para debater a implanta\u00e7\u00e3o do Conselho de Seguran\u00e7a P\u00fablica"},"content":{"rendered":"<div><a href=\"http:\/\/caririemdestaque.com\/cd\/wp-content\/uploads\/2017\/06\/2d1c55_0a688ee154c94034bcb2fe14398b0ab1-mv2_d_5184_3456_s_4_2.jpg\"><img fetchpriority=\"high\" decoding=\"async\" class=\"size-medium wp-image-1042 alignleft\" src=\"http:\/\/caririemdestaque.com\/cd\/wp-content\/uploads\/2017\/06\/2d1c55_0a688ee154c94034bcb2fe14398b0ab1-mv2_d_5184_3456_s_4_2-300x200.jpg\" alt=\"\" width=\"300\" height=\"200\" srcset=\"https:\/\/noticiasemdestaque.com\/cd\/wp-content\/uploads\/2017\/06\/2d1c55_0a688ee154c94034bcb2fe14398b0ab1-mv2_d_5184_3456_s_4_2-300x200.jpg 300w, https:\/\/noticiasemdestaque.com\/cd\/wp-content\/uploads\/2017\/06\/2d1c55_0a688ee154c94034bcb2fe14398b0ab1-mv2_d_5184_3456_s_4_2.jpg 387w\" sizes=\"(max-width: 300px) 100vw, 300px\" \/><\/a>Acontece nesta quarta-feira (24), \u00e0s 10h, na Casa Legislativa Ledson da Silva, em Serra Branca, uma sess\u00e3o extraordin\u00e1ria que tem como objetivo a\u00a0discuss\u00e3o e vota\u00e7\u00e3o do Projeto de Lei (PL) n\u00ba 005\/2017, que institui o Conselho Municipal de Seguran\u00e7a P\u00fablica, que \u00e9 um \u00f3rg\u00e3o deliberativo, consultivo e de assessoramento na propositura de a\u00e7\u00f5es de pol\u00edticas p\u00fablicas, e tem por finalidade discutir, analisar, planejar e acompanhar a solu\u00e7\u00e3o dos problemas de seguran\u00e7a no munic\u00edpio.<\/div>\n<div><\/div>\n<div>Espera-se que o Conselho Municipal de Seguran\u00e7a P\u00fablica de Serra Branca, consiga atuar alcan\u00e7ando os seguintes objetivos: Planejar a a\u00e7\u00e3o comunit\u00e1ria de seguran\u00e7a e avaliar seus resultados; Integrar a popula\u00e7\u00e3o e as pol\u00edcias, no combate as causas de criminalidade e viol\u00eancia no Munic\u00edpio; Desenvolver campanhas educativas, visando orientar \u00e0 popula\u00e7\u00e3o sobre condi\u00e7\u00f5es e formas de seguran\u00e7a.<\/div>\n<div><\/div>\n<div>A aprova\u00e7\u00e3o do PL \u00e9 de suma import\u00e2ncia, pois, \u00e9 uma das exig\u00eancias que a superintend\u00eancia do Banco do Brasil, pede para a reabertura da Ag\u00eancia com numer\u00e1rios, no Munic\u00edpio de Serra Branca, onde v\u00e1rias pessoas de outras Cidades dependem do atendimento.<\/div>\n<div><\/div>\n<div>J\u00e1 est\u00e1 confirmada presen\u00e7a de representantes do Banco do Brasil e do Poder Executivo.<\/div>\n","protected":false},"excerpt":{"rendered":"<p>Acontece nesta quarta-feira (24), \u00e0s 10h, na Casa Legislativa Ledson da Silva, em Serra Branca, uma sess\u00e3o extraordin\u00e1ria que tem como objetivo a\u00a0discuss\u00e3o e vota\u00e7\u00e3o do Projeto de Lei (PL) n\u00ba 005\/2017, que institui o Conselho Municipal de Seguran\u00e7a P\u00fablica, que \u00e9 um \u00f3rg\u00e3o deliberativo, consultivo e de assessoramento na propositura de a\u00e7\u00f5es de pol\u00edticas p\u00fablicas, e tem por finalidade discutir, analisar, planejar e acompanhar a solu\u00e7\u00e3o dos problemas de seguran\u00e7a no munic\u00edpio. Espera-se que o Conselho Municipal de Seguran\u00e7a P\u00fablica de Serra Branca, consiga atuar alcan\u00e7ando os seguintes objetivos: Planejar a a\u00e7\u00e3o comunit\u00e1ria de seguran\u00e7a e avaliar seus resultados; Integrar a popula\u00e7\u00e3o e as pol\u00edcias, no combate as causas de criminalidade e viol\u00eancia no Munic\u00edpio; Desenvolver campanhas educativas, visando orientar \u00e0 popula\u00e7\u00e3o sobre condi\u00e7\u00f5es e formas de seguran\u00e7a. A aprova\u00e7\u00e3o do PL \u00e9 de suma import\u00e2ncia, pois, \u00e9 uma das exig\u00eancias que a superintend\u00eancia do Banco do Brasil, pede para a reabertura da Ag\u00eancia com numer\u00e1rios, no Munic\u00edpio de Serra Branca, onde v\u00e1rias pessoas de outras Cidades dependem do atendimento. J\u00e1 est\u00e1 confirmada presen\u00e7a de representantes do Banco do Brasil e do Poder Executivo.<\/p>\n","protected":false},"author":2,"featured_media":1042,"comment_status":"closed","ping_status":"open","sticky":false,"template":"","format":"standard","meta":{"_eb_attr":"","_jetpack_memberships_contains_paid_content":false,"footnotes":""},"categories":[3],"tags":[],"class_list":["post-1041","post","type-post","status-publish","format-standard","has-post-thumbnail","hentry","category-cidades"],"yoast_head":"<!-- This site is optimized with the Yoast SEO plugin v26.5 - https:\/\/yoast.com\/wordpress\/plugins\/seo\/ -->\n<title>EXCLUVISO: C\u00e2mara Municipal de Serra Branca realiza sess\u00e3o extraordin\u00e1ria para debater a implanta\u00e7\u00e3o do Conselho de Seguran\u00e7a P\u00fablica - Not&iacute;cias em Destaque<\/title>\n<meta name=\"robots\" content=\"index, follow, max-snippet:-1, max-image-preview:large, max-video-preview:-1\" \/>\n<link rel=\"canonical\" href=\"https:\/\/noticiasemdestaque.com\/cd\/?p=1041\" \/>\n<meta property=\"og:locale\" content=\"pt_BR\" \/>\n<meta property=\"og:type\" content=\"article\" \/>\n<meta property=\"og:title\" content=\"EXCLUVISO: C\u00e2mara Municipal de Serra Branca realiza sess\u00e3o extraordin\u00e1ria para debater a implanta\u00e7\u00e3o do Conselho de Seguran\u00e7a P\u00fablica - Not&iacute;cias em Destaque\" \/>\n<meta property=\"og:description\" content=\"Acontece nesta quarta-feira (24), \u00e0s 10h, na Casa Legislativa Ledson da Silva, em Serra Branca, uma sess\u00e3o extraordin\u00e1ria que tem como objetivo a\u00a0discuss\u00e3o e vota\u00e7\u00e3o do Projeto de Lei (PL) n\u00ba 005\/2017, que institui o Conselho Municipal de Seguran\u00e7a P\u00fablica, que \u00e9 um \u00f3rg\u00e3o deliberativo, consultivo e de assessoramento na propositura de a\u00e7\u00f5es de pol\u00edticas p\u00fablicas, e tem por finalidade discutir, analisar, planejar e acompanhar a solu\u00e7\u00e3o dos problemas de seguran\u00e7a no munic\u00edpio. Espera-se que o Conselho Municipal de Seguran\u00e7a P\u00fablica de Serra Branca, consiga atuar alcan\u00e7ando os seguintes objetivos: Planejar a a\u00e7\u00e3o comunit\u00e1ria de seguran\u00e7a e avaliar seus resultados; Integrar a popula\u00e7\u00e3o e as pol\u00edcias, no combate as causas de criminalidade e viol\u00eancia no Munic\u00edpio; Desenvolver campanhas educativas, visando orientar \u00e0 popula\u00e7\u00e3o sobre condi\u00e7\u00f5es e formas de seguran\u00e7a. A aprova\u00e7\u00e3o do PL \u00e9 de suma import\u00e2ncia, pois, \u00e9 uma das exig\u00eancias que a superintend\u00eancia do Banco do Brasil, pede para a reabertura da Ag\u00eancia com numer\u00e1rios, no Munic\u00edpio de Serra Branca, onde v\u00e1rias pessoas de outras Cidades dependem do atendimento. J\u00e1 est\u00e1 confirmada presen\u00e7a de representantes do Banco do Brasil e do Poder Executivo.\" \/>\n<meta property=\"og:url\" content=\"https:\/\/noticiasemdestaque.com\/cd\/?p=1041\" \/>\n<meta property=\"og:site_name\" content=\"Not&iacute;cias em Destaque\" \/>\n<meta property=\"article:published_time\" content=\"2017-05-24T10:02:28+00:00\" \/>\n<meta property=\"article:modified_time\" content=\"2017-06-29T03:05:50+00:00\" \/>\n<meta property=\"og:image\" content=\"https:\/\/noticiasemdestaque.com\/cd\/wp-content\/uploads\/2017\/06\/2d1c55_0a688ee154c94034bcb2fe14398b0ab1-mv2_d_5184_3456_s_4_2.jpg\" \/>\n\t<meta property=\"og:image:width\" content=\"387\" \/>\n\t<meta property=\"og:image:height\" content=\"258\" \/>\n\t<meta property=\"og:image:type\" content=\"image\/jpeg\" \/>\n<meta name=\"author\" content=\"Not\u00edcias em Destaque\" \/>\n<meta name=\"twitter:card\" content=\"summary_large_image\" \/>\n<meta name=\"twitter:label1\" content=\"Escrito por\" \/>\n\t<meta name=\"twitter:data1\" content=\"Not\u00edcias em Destaque\" \/>\n\t<meta name=\"twitter:label2\" content=\"Est. tempo de leitura\" \/>\n\t<meta name=\"twitter:data2\" content=\"1 minuto\" \/>\n<script type=\"application\/ld+json\" class=\"yoast-schema-graph\">{\"@context\":\"https:\/\/schema.org\",\"@graph\":[{\"@type\":\"Article\",\"@id\":\"https:\/\/noticiasemdestaque.com\/cd\/?p=1041#article\",\"isPartOf\":{\"@id\":\"https:\/\/noticiasemdestaque.com\/cd\/?p=1041\"},\"author\":{\"name\":\"Not\u00edcias em Destaque\",\"@id\":\"https:\/\/noticiasemdestaque.com\/cd\/#\/schema\/person\/47f7d4f55eec17c6b2ca036c5500f6ce\"},\"headline\":\"EXCLUVISO: C\u00e2mara Municipal de Serra Branca realiza sess\u00e3o extraordin\u00e1ria para debater a implanta\u00e7\u00e3o do Conselho de Seguran\u00e7a P\u00fablica\",\"datePublished\":\"2017-05-24T10:02:28+00:00\",\"dateModified\":\"2017-06-29T03:05:50+00:00\",\"mainEntityOfPage\":{\"@id\":\"https:\/\/noticiasemdestaque.com\/cd\/?p=1041\"},\"wordCount\":239,\"publisher\":{\"@id\":\"https:\/\/noticiasemdestaque.com\/cd\/#organization\"},\"image\":{\"@id\":\"https:\/\/noticiasemdestaque.com\/cd\/?p=1041#primaryimage\"},\"thumbnailUrl\":\"https:\/\/noticiasemdestaque.com\/cd\/wp-content\/uploads\/2017\/06\/2d1c55_0a688ee154c94034bcb2fe14398b0ab1-mv2_d_5184_3456_s_4_2.jpg\",\"articleSection\":[\"Cidades\"],\"inLanguage\":\"pt-BR\"},{\"@type\":\"WebPage\",\"@id\":\"https:\/\/noticiasemdestaque.com\/cd\/?p=1041\",\"url\":\"https:\/\/noticiasemdestaque.com\/cd\/?p=1041\",\"name\":\"EXCLUVISO: C\u00e2mara Municipal de Serra Branca realiza sess\u00e3o extraordin\u00e1ria para debater a implanta\u00e7\u00e3o do Conselho de Seguran\u00e7a P\u00fablica - Not&iacute;cias em Destaque\",\"isPartOf\":{\"@id\":\"https:\/\/noticiasemdestaque.com\/cd\/#website\"},\"primaryImageOfPage\":{\"@id\":\"https:\/\/noticiasemdestaque.com\/cd\/?p=1041#primaryimage\"},\"image\":{\"@id\":\"https:\/\/noticiasemdestaque.com\/cd\/?p=1041#primaryimage\"},\"thumbnailUrl\":\"https:\/\/noticiasemdestaque.com\/cd\/wp-content\/uploads\/2017\/06\/2d1c55_0a688ee154c94034bcb2fe14398b0ab1-mv2_d_5184_3456_s_4_2.jpg\",\"datePublished\":\"2017-05-24T10:02:28+00:00\",\"dateModified\":\"2017-06-29T03:05:50+00:00\",\"breadcrumb\":{\"@id\":\"https:\/\/noticiasemdestaque.com\/cd\/?p=1041#breadcrumb\"},\"inLanguage\":\"pt-BR\",\"potentialAction\":[{\"@type\":\"ReadAction\",\"target\":[\"https:\/\/noticiasemdestaque.com\/cd\/?p=1041\"]}]},{\"@type\":\"ImageObject\",\"inLanguage\":\"pt-BR\",\"@id\":\"https:\/\/noticiasemdestaque.com\/cd\/?p=1041#primaryimage\",\"url\":\"https:\/\/noticiasemdestaque.com\/cd\/wp-content\/uploads\/2017\/06\/2d1c55_0a688ee154c94034bcb2fe14398b0ab1-mv2_d_5184_3456_s_4_2.jpg\",\"contentUrl\":\"https:\/\/noticiasemdestaque.com\/cd\/wp-content\/uploads\/2017\/06\/2d1c55_0a688ee154c94034bcb2fe14398b0ab1-mv2_d_5184_3456_s_4_2.jpg\",\"width\":387,\"height\":258},{\"@type\":\"BreadcrumbList\",\"@id\":\"https:\/\/noticiasemdestaque.com\/cd\/?p=1041#breadcrumb\",\"itemListElement\":[{\"@type\":\"ListItem\",\"position\":1,\"name\":\"In\u00edcio\",\"item\":\"https:\/\/noticiasemdestaque.com\/cd\/\"},{\"@type\":\"ListItem\",\"position\":2,\"name\":\"EXCLUVISO: C\u00e2mara Municipal de Serra Branca realiza sess\u00e3o extraordin\u00e1ria para debater a implanta\u00e7\u00e3o do Conselho de Seguran\u00e7a P\u00fablica\"}]},{\"@type\":\"WebSite\",\"@id\":\"https:\/\/noticiasemdestaque.com\/cd\/#website\",\"url\":\"https:\/\/noticiasemdestaque.com\/cd\/\",\"name\":\"Not&iacute;cias em Destaque\",\"description\":\"\",\"publisher\":{\"@id\":\"https:\/\/noticiasemdestaque.com\/cd\/#organization\"},\"potentialAction\":[{\"@type\":\"SearchAction\",\"target\":{\"@type\":\"EntryPoint\",\"urlTemplate\":\"https:\/\/noticiasemdestaque.com\/cd\/?s={search_term_string}\"},\"query-input\":{\"@type\":\"PropertyValueSpecification\",\"valueRequired\":true,\"valueName\":\"search_term_string\"}}],\"inLanguage\":\"pt-BR\"},{\"@type\":\"Organization\",\"@id\":\"https:\/\/noticiasemdestaque.com\/cd\/#organization\",\"name\":\"Not\u00edcias em Destaque\",\"url\":\"https:\/\/noticiasemdestaque.com\/cd\/\",\"logo\":{\"@type\":\"ImageObject\",\"inLanguage\":\"pt-BR\",\"@id\":\"https:\/\/noticiasemdestaque.com\/cd\/#\/schema\/logo\/image\/\",\"url\":\"https:\/\/noticiasemdestaque.com\/cd\/wp-content\/uploads\/2022\/05\/imagem-base-noticiasemdestaque.png\",\"contentUrl\":\"https:\/\/noticiasemdestaque.com\/cd\/wp-content\/uploads\/2022\/05\/imagem-base-noticiasemdestaque.png\",\"width\":1200,\"height\":630,\"caption\":\"Not\u00edcias em Destaque\"},\"image\":{\"@id\":\"https:\/\/noticiasemdestaque.com\/cd\/#\/schema\/logo\/image\/\"}},{\"@type\":\"Person\",\"@id\":\"https:\/\/noticiasemdestaque.com\/cd\/#\/schema\/person\/47f7d4f55eec17c6b2ca036c5500f6ce\",\"name\":\"Not\u00edcias em Destaque\",\"url\":\"https:\/\/noticiasemdestaque.com\/cd\/?author=2\"}]}<\/script>\n<!-- \/ Yoast SEO plugin. -->","yoast_head_json":{"title":"EXCLUVISO: C\u00e2mara Municipal de Serra Branca realiza sess\u00e3o extraordin\u00e1ria para debater a implanta\u00e7\u00e3o do Conselho de Seguran\u00e7a P\u00fablica - Not&iacute;cias em Destaque","robots":{"index":"index","follow":"follow","max-snippet":"max-snippet:-1","max-image-preview":"max-image-preview:large","max-video-preview":"max-video-preview:-1"},"canonical":"https:\/\/noticiasemdestaque.com\/cd\/?p=1041","og_locale":"pt_BR","og_type":"article","og_title":"EXCLUVISO: C\u00e2mara Municipal de Serra Branca realiza sess\u00e3o extraordin\u00e1ria para debater a implanta\u00e7\u00e3o do Conselho de Seguran\u00e7a P\u00fablica - Not&iacute;cias em Destaque","og_description":"Acontece nesta quarta-feira (24), \u00e0s 10h, na Casa Legislativa Ledson da Silva, em Serra Branca, uma sess\u00e3o extraordin\u00e1ria que tem como objetivo a\u00a0discuss\u00e3o e vota\u00e7\u00e3o do Projeto de Lei (PL) n\u00ba 005\/2017, que institui o Conselho Municipal de Seguran\u00e7a P\u00fablica, que \u00e9 um \u00f3rg\u00e3o deliberativo, consultivo e de assessoramento na propositura de a\u00e7\u00f5es de pol\u00edticas p\u00fablicas, e tem por finalidade discutir, analisar, planejar e acompanhar a solu\u00e7\u00e3o dos problemas de seguran\u00e7a no munic\u00edpio. Espera-se que o Conselho Municipal de Seguran\u00e7a P\u00fablica de Serra Branca, consiga atuar alcan\u00e7ando os seguintes objetivos: Planejar a a\u00e7\u00e3o comunit\u00e1ria de seguran\u00e7a e avaliar seus resultados; Integrar a popula\u00e7\u00e3o e as pol\u00edcias, no combate as causas de criminalidade e viol\u00eancia no Munic\u00edpio; Desenvolver campanhas educativas, visando orientar \u00e0 popula\u00e7\u00e3o sobre condi\u00e7\u00f5es e formas de seguran\u00e7a. A aprova\u00e7\u00e3o do PL \u00e9 de suma import\u00e2ncia, pois, \u00e9 uma das exig\u00eancias que a superintend\u00eancia do Banco do Brasil, pede para a reabertura da Ag\u00eancia com numer\u00e1rios, no Munic\u00edpio de Serra Branca, onde v\u00e1rias pessoas de outras Cidades dependem do atendimento. J\u00e1 est\u00e1 confirmada presen\u00e7a de representantes do Banco do Brasil e do Poder Executivo.","og_url":"https:\/\/noticiasemdestaque.com\/cd\/?p=1041","og_site_name":"Not&iacute;cias em Destaque","article_published_time":"2017-05-24T10:02:28+00:00","article_modified_time":"2017-06-29T03:05:50+00:00","og_image":[{"width":387,"height":258,"url":"https:\/\/noticiasemdestaque.com\/cd\/wp-content\/uploads\/2017\/06\/2d1c55_0a688ee154c94034bcb2fe14398b0ab1-mv2_d_5184_3456_s_4_2.jpg","type":"image\/jpeg"}],"author":"Not\u00edcias em Destaque","twitter_card":"summary_large_image","twitter_misc":{"Escrito por":"Not\u00edcias em Destaque","Est. tempo de leitura":"1 minuto"},"schema":{"@context":"https:\/\/schema.org","@graph":[{"@type":"Article","@id":"https:\/\/noticiasemdestaque.com\/cd\/?p=1041#article","isPartOf":{"@id":"https:\/\/noticiasemdestaque.com\/cd\/?p=1041"},"author":{"name":"Not\u00edcias em Destaque","@id":"https:\/\/noticiasemdestaque.com\/cd\/#\/schema\/person\/47f7d4f55eec17c6b2ca036c5500f6ce"},"headline":"EXCLUVISO: C\u00e2mara Municipal de Serra Branca realiza sess\u00e3o extraordin\u00e1ria para debater a implanta\u00e7\u00e3o do Conselho de Seguran\u00e7a P\u00fablica","datePublished":"2017-05-24T10:02:28+00:00","dateModified":"2017-06-29T03:05:50+00:00","mainEntityOfPage":{"@id":"https:\/\/noticiasemdestaque.com\/cd\/?p=1041"},"wordCount":239,"publisher":{"@id":"https:\/\/noticiasemdestaque.com\/cd\/#organization"},"image":{"@id":"https:\/\/noticiasemdestaque.com\/cd\/?p=1041#primaryimage"},"thumbnailUrl":"https:\/\/noticiasemdestaque.com\/cd\/wp-content\/uploads\/2017\/06\/2d1c55_0a688ee154c94034bcb2fe14398b0ab1-mv2_d_5184_3456_s_4_2.jpg","articleSection":["Cidades"],"inLanguage":"pt-BR"},{"@type":"WebPage","@id":"https:\/\/noticiasemdestaque.com\/cd\/?p=1041","url":"https:\/\/noticiasemdestaque.com\/cd\/?p=1041","name":"EXCLUVISO: C\u00e2mara Municipal de Serra Branca realiza sess\u00e3o extraordin\u00e1ria para debater a implanta\u00e7\u00e3o do Conselho de Seguran\u00e7a P\u00fablica - Not&iacute;cias em Destaque","isPartOf":{"@id":"https:\/\/noticiasemdestaque.com\/cd\/#website"},"primaryImageOfPage":{"@id":"https:\/\/noticiasemdestaque.com\/cd\/?p=1041#primaryimage"},"image":{"@id":"https:\/\/noticiasemdestaque.com\/cd\/?p=1041#primaryimage"},"thumbnailUrl":"https:\/\/noticiasemdestaque.com\/cd\/wp-content\/uploads\/2017\/06\/2d1c55_0a688ee154c94034bcb2fe14398b0ab1-mv2_d_5184_3456_s_4_2.jpg","datePublished":"2017-05-24T10:02:28+00:00","dateModified":"2017-06-29T03:05:50+00:00","breadcrumb":{"@id":"https:\/\/noticiasemdestaque.com\/cd\/?p=1041#breadcrumb"},"inLanguage":"pt-BR","potentialAction":[{"@type":"ReadAction","target":["https:\/\/noticiasemdestaque.com\/cd\/?p=1041"]}]},{"@type":"ImageObject","inLanguage":"pt-BR","@id":"https:\/\/noticiasemdestaque.com\/cd\/?p=1041#primaryimage","url":"https:\/\/noticiasemdestaque.com\/cd\/wp-content\/uploads\/2017\/06\/2d1c55_0a688ee154c94034bcb2fe14398b0ab1-mv2_d_5184_3456_s_4_2.jpg","contentUrl":"https:\/\/noticiasemdestaque.com\/cd\/wp-content\/uploads\/2017\/06\/2d1c55_0a688ee154c94034bcb2fe14398b0ab1-mv2_d_5184_3456_s_4_2.jpg","width":387,"height":258},{"@type":"BreadcrumbList","@id":"https:\/\/noticiasemdestaque.com\/cd\/?p=1041#breadcrumb","itemListElement":[{"@type":"ListItem","position":1,"name":"In\u00edcio","item":"https:\/\/noticiasemdestaque.com\/cd\/"},{"@type":"ListItem","position":2,"name":"EXCLUVISO: C\u00e2mara Municipal de Serra Branca realiza sess\u00e3o extraordin\u00e1ria para debater a implanta\u00e7\u00e3o do Conselho de Seguran\u00e7a P\u00fablica"}]},{"@type":"WebSite","@id":"https:\/\/noticiasemdestaque.com\/cd\/#website","url":"https:\/\/noticiasemdestaque.com\/cd\/","name":"Not&iacute;cias em Destaque","description":"","publisher":{"@id":"https:\/\/noticiasemdestaque.com\/cd\/#organization"},"potentialAction":[{"@type":"SearchAction","target":{"@type":"EntryPoint","urlTemplate":"https:\/\/noticiasemdestaque.com\/cd\/?s={search_term_string}"},"query-input":{"@type":"PropertyValueSpecification","valueRequired":true,"valueName":"search_term_string"}}],"inLanguage":"pt-BR"},{"@type":"Organization","@id":"https:\/\/noticiasemdestaque.com\/cd\/#organization","name":"Not\u00edcias em Destaque","url":"https:\/\/noticiasemdestaque.com\/cd\/","logo":{"@type":"ImageObject","inLanguage":"pt-BR","@id":"https:\/\/noticiasemdestaque.com\/cd\/#\/schema\/logo\/image\/","url":"https:\/\/noticiasemdestaque.com\/cd\/wp-content\/uploads\/2022\/05\/imagem-base-noticiasemdestaque.png","contentUrl":"https:\/\/noticiasemdestaque.com\/cd\/wp-content\/uploads\/2022\/05\/imagem-base-noticiasemdestaque.png","width":1200,"height":630,"caption":"Not\u00edcias em Destaque"},"image":{"@id":"https:\/\/noticiasemdestaque.com\/cd\/#\/schema\/logo\/image\/"}},{"@type":"Person","@id":"https:\/\/noticiasemdestaque.com\/cd\/#\/schema\/person\/47f7d4f55eec17c6b2ca036c5500f6ce","name":"Not\u00edcias em Destaque","url":"https:\/\/noticiasemdestaque.com\/cd\/?author=2"}]}},"jetpack_featured_media_url":"https:\/\/noticiasemdestaque.com\/cd\/wp-content\/uploads\/2017\/06\/2d1c55_0a688ee154c94034bcb2fe14398b0ab1-mv2_d_5184_3456_s_4_2.jpg","jetpack_sharing_enabled":true,"_links":{"self":[{"href":"https:\/\/noticiasemdestaque.com\/cd\/index.php?rest_route=\/wp\/v2\/posts\/1041","targetHints":{"allow":["GET"]}}],"collection":[{"href":"https:\/\/noticiasemdestaque.com\/cd\/index.php?rest_route=\/wp\/v2\/posts"}],"about":[{"href":"https:\/\/noticiasemdestaque.com\/cd\/index.php?rest_route=\/wp\/v2\/types\/post"}],"author":[{"embeddable":true,"href":"https:\/\/noticiasemdestaque.com\/cd\/index.php?rest_route=\/wp\/v2\/users\/2"}],"replies":[{"embeddable":true,"href":"https:\/\/noticiasemdestaque.com\/cd\/index.php?rest_route=%2Fwp%2Fv2%2Fcomments&post=1041"}],"version-history":[{"count":1,"href":"https:\/\/noticiasemdestaque.com\/cd\/index.php?rest_route=\/wp\/v2\/posts\/1041\/revisions"}],"predecessor-version":[{"id":1043,"href":"https:\/\/noticiasemdestaque.com\/cd\/index.php?rest_route=\/wp\/v2\/posts\/1041\/revisions\/1043"}],"wp:featuredmedia":[{"embeddable":true,"href":"https:\/\/noticiasemdestaque.com\/cd\/index.php?rest_route=\/wp\/v2\/media\/1042"}],"wp:attachment":[{"href":"https:\/\/noticiasemdestaque.com\/cd\/index.php?rest_route=%2Fwp%2Fv2%2Fmedia&parent=1041"}],"wp:term":[{"taxonomy":"category","embeddable":true,"href":"https:\/\/noticiasemdestaque.com\/cd\/index.php?rest_route=%2Fwp%2Fv2%2Fcategories&post=1041"},{"taxonomy":"post_tag","embeddable":true,"href":"https:\/\/noticiasemdestaque.com\/cd\/index.php?rest_route=%2Fwp%2Fv2%2Ftags&post=1041"}],"curies":[{"name":"wp","href":"https:\/\/api.w.org\/{rel}","templated":true}]}}