{"id":1035,"date":"2017-02-10T21:46:15","date_gmt":"2017-02-11T00:46:15","guid":{"rendered":"http:\/\/caririemdestaque.com\/cd\/?p=1035"},"modified":"2017-06-28T23:55:30","modified_gmt":"2017-06-29T02:55:30","slug":"exclusivo-acontece-em-serra-branca-primeira-sessao-legislativa","status":"publish","type":"post","link":"https:\/\/noticiasemdestaque.com\/cd\/?p=1035","title":{"rendered":"EXCLUSIVO: Acontece em Serra Branca primeira sess\u00e3o legislativa"},"content":{"rendered":"<p><a href=\"http:\/\/caririemdestaque.com\/cd\/wp-content\/uploads\/2017\/06\/IMG_2963.jpg\"><img fetchpriority=\"high\" decoding=\"async\" class=\"size-medium wp-image-1039 alignleft\" src=\"http:\/\/caririemdestaque.com\/cd\/wp-content\/uploads\/2017\/06\/IMG_2963-300x200.jpg\" alt=\"\" width=\"300\" height=\"200\" srcset=\"https:\/\/noticiasemdestaque.com\/cd\/wp-content\/uploads\/2017\/06\/IMG_2963-300x200.jpg 300w, https:\/\/noticiasemdestaque.com\/cd\/wp-content\/uploads\/2017\/06\/IMG_2963-768x512.jpg 768w, https:\/\/noticiasemdestaque.com\/cd\/wp-content\/uploads\/2017\/06\/IMG_2963-1024x683.jpg 1024w, https:\/\/noticiasemdestaque.com\/cd\/wp-content\/uploads\/2017\/06\/IMG_2963-480x320.jpg 480w\" sizes=\"(max-width: 300px) 100vw, 300px\" \/><\/a>Aconteceu nesta sexta-feira (10), a primeira sess\u00e3o legislativa do ano 2017. Com todos os vereadores presentes, o presidente da Casa Ledson da Silva, Paulo S\u00e9rgio, abriu os trabalhos \u00e0s 17h30.<\/p>\n<p>Em menos de dois meses do governo de Souzinha, atrav\u00e9s de projeto de lei de urg\u00eancia, apresentado aos vereadores pede abertura de cr\u00e9dito especial para o exerc\u00edcio de 2017. \u00a0Ou\u00e7a a leitura do projeto por feita pelo o vereador Renan Mamede.<\/p>\n<p><a href=\"http:\/\/caririemdestaque.com\/cd\/wp-content\/uploads\/2017\/06\/renan.png\"><img decoding=\"async\" class=\"alignnone wp-image-1037 size-full\" src=\"http:\/\/caririemdestaque.com\/cd\/wp-content\/uploads\/2017\/06\/renan.png\" alt=\"\" width=\"618\" height=\"174\" srcset=\"https:\/\/noticiasemdestaque.com\/cd\/wp-content\/uploads\/2017\/06\/renan.png 618w, https:\/\/noticiasemdestaque.com\/cd\/wp-content\/uploads\/2017\/06\/renan-300x84.png 300w\" sizes=\"(max-width: 618px) 100vw, 618px\" \/><\/a><\/p>\n<p>Nesta sexta-feira, tamb\u00e9m foram escolhidos os vereadores para compor as Comiss\u00f5es. O Presidente da Casa, Paulo S\u00e9rgio, destaca quem ficou em cada Comiss\u00e3o.<\/p>\n<p><a href=\"http:\/\/caririemdestaque.com\/cd\/wp-content\/uploads\/2017\/06\/et2.png\"><img decoding=\"async\" class=\"alignnone wp-image-1036 size-full\" src=\"http:\/\/caririemdestaque.com\/cd\/wp-content\/uploads\/2017\/06\/et2.png\" alt=\"\" width=\"628\" height=\"165\" srcset=\"https:\/\/noticiasemdestaque.com\/cd\/wp-content\/uploads\/2017\/06\/et2.png 628w, https:\/\/noticiasemdestaque.com\/cd\/wp-content\/uploads\/2017\/06\/et2-300x79.png 300w\" sizes=\"(max-width: 628px) 100vw, 628px\" \/><\/a><\/p>\n<p>As Comiss\u00f5es s\u00e3o \u00f3rg\u00e3os t\u00e9cnicos institu\u00eddos pelo Regimento Interno da Casa, destinados a elaborar estudos e emitir pareceres, representar a C\u00e2mara, dentre outras fun\u00e7\u00f5es.\u00a0 \u00c9 composta de pelo menos tr\u00eas membros, observada a proporcionalidade na representa\u00e7\u00e3o de partidos ou blocos pol\u00edticos. De acordo com o per\u00edodo de vig\u00eancia pelo qual se instalam, podem ser: Permanentes: se ultrapassam legislaturas, apreciando mat\u00e9rias submetidas a seu exame. Tempor\u00e1rias: se se encerram ao t\u00e9rmino da legislatura na qual foram criadas, apenas para o estudo de determinada mat\u00e9ria.<\/p>\n<p>Tamb\u00e9m \u00a0foram escolhidos os l\u00edderes dos partidos na C\u00e2mara de Serra Brancas. Ou\u00e7a.<\/p>\n<p><a href=\"http:\/\/caririemdestaque.com\/cd\/wp-content\/uploads\/2017\/06\/3.png\"><img loading=\"lazy\" decoding=\"async\" class=\"alignnone wp-image-1038 size-full\" src=\"http:\/\/caririemdestaque.com\/cd\/wp-content\/uploads\/2017\/06\/3.png\" alt=\"\" width=\"616\" height=\"168\" srcset=\"https:\/\/noticiasemdestaque.com\/cd\/wp-content\/uploads\/2017\/06\/3.png 616w, https:\/\/noticiasemdestaque.com\/cd\/wp-content\/uploads\/2017\/06\/3-300x82.png 300w\" sizes=\"(max-width: 616px) 100vw, 616px\" \/><\/a><\/p>\n<p>Como de costume, entre os lados de oposi\u00e7\u00e3o e situa\u00e7\u00e3o, \u00e9 indicado um vereador representa cada um, oposi\u00e7\u00e3o ser\u00e1 ter\u00e1 como l\u00edder o Vereador Guilherme Gaud\u00eancio (PSB), j\u00e1 situa\u00e7\u00e3o n\u00e3o se pronunciou, at\u00e9 o momento.<\/p>\n<p><em><strong>Cariri em Destaque<\/strong><\/em><\/p>\n","protected":false},"excerpt":{"rendered":"<p>Aconteceu nesta sexta-feira (10), a primeira sess\u00e3o legislativa do ano 2017. Com todos os vereadores presentes, o presidente da Casa Ledson da Silva, Paulo S\u00e9rgio, abriu os trabalhos \u00e0s 17h30. Em menos de dois meses do governo de Souzinha, atrav\u00e9s de projeto de lei de urg\u00eancia, apresentado aos vereadores pede abertura de cr\u00e9dito especial para o exerc\u00edcio de 2017. \u00a0Ou\u00e7a a leitura do projeto por feita pelo o vereador Renan Mamede. Nesta sexta-feira, tamb\u00e9m foram escolhidos os vereadores para compor as Comiss\u00f5es. O Presidente da Casa, Paulo S\u00e9rgio, destaca quem ficou em cada Comiss\u00e3o. As Comiss\u00f5es s\u00e3o \u00f3rg\u00e3os t\u00e9cnicos institu\u00eddos pelo Regimento Interno da Casa, destinados a elaborar estudos e emitir pareceres, representar a C\u00e2mara, dentre outras fun\u00e7\u00f5es.\u00a0 \u00c9 composta de pelo menos tr\u00eas membros, observada a proporcionalidade na representa\u00e7\u00e3o de partidos ou blocos pol\u00edticos. De acordo com o per\u00edodo de vig\u00eancia pelo qual se instalam, podem ser: Permanentes: se ultrapassam legislaturas, apreciando mat\u00e9rias submetidas a seu exame. Tempor\u00e1rias: se se encerram ao t\u00e9rmino da legislatura na qual foram criadas, apenas para o estudo de determinada mat\u00e9ria. Tamb\u00e9m \u00a0foram escolhidos os l\u00edderes dos partidos na C\u00e2mara de Serra Brancas. Ou\u00e7a. Como de costume, entre os lados de oposi\u00e7\u00e3o e situa\u00e7\u00e3o, \u00e9 indicado um vereador representa cada um, oposi\u00e7\u00e3o ser\u00e1 ter\u00e1 como l\u00edder o Vereador Guilherme Gaud\u00eancio (PSB), j\u00e1 situa\u00e7\u00e3o n\u00e3o se pronunciou, at\u00e9 o momento. Cariri em Destaque<\/p>\n","protected":false},"author":2,"featured_media":1039,"comment_status":"closed","ping_status":"open","sticky":false,"template":"","format":"standard","meta":{"_eb_attr":"","_jetpack_memberships_contains_paid_content":false,"footnotes":""},"categories":[3],"tags":[],"class_list":["post-1035","post","type-post","status-publish","format-standard","has-post-thumbnail","hentry","category-cidades"],"yoast_head":"<!-- This site is optimized with the Yoast SEO plugin v26.5 - https:\/\/yoast.com\/wordpress\/plugins\/seo\/ -->\n<title>EXCLUSIVO: Acontece em Serra Branca primeira sess\u00e3o legislativa - Not&iacute;cias em Destaque<\/title>\n<meta name=\"robots\" content=\"index, follow, max-snippet:-1, max-image-preview:large, max-video-preview:-1\" \/>\n<link rel=\"canonical\" href=\"https:\/\/noticiasemdestaque.com\/cd\/?p=1035\" \/>\n<meta property=\"og:locale\" content=\"pt_BR\" \/>\n<meta property=\"og:type\" content=\"article\" \/>\n<meta property=\"og:title\" content=\"EXCLUSIVO: Acontece em Serra Branca primeira sess\u00e3o legislativa - Not&iacute;cias em Destaque\" \/>\n<meta property=\"og:description\" content=\"Aconteceu nesta sexta-feira (10), a primeira sess\u00e3o legislativa do ano 2017. Com todos os vereadores presentes, o presidente da Casa Ledson da Silva, Paulo S\u00e9rgio, abriu os trabalhos \u00e0s 17h30. Em menos de dois meses do governo de Souzinha, atrav\u00e9s de projeto de lei de urg\u00eancia, apresentado aos vereadores pede abertura de cr\u00e9dito especial para o exerc\u00edcio de 2017. \u00a0Ou\u00e7a a leitura do projeto por feita pelo o vereador Renan Mamede. Nesta sexta-feira, tamb\u00e9m foram escolhidos os vereadores para compor as Comiss\u00f5es. O Presidente da Casa, Paulo S\u00e9rgio, destaca quem ficou em cada Comiss\u00e3o. As Comiss\u00f5es s\u00e3o \u00f3rg\u00e3os t\u00e9cnicos institu\u00eddos pelo Regimento Interno da Casa, destinados a elaborar estudos e emitir pareceres, representar a C\u00e2mara, dentre outras fun\u00e7\u00f5es.\u00a0 \u00c9 composta de pelo menos tr\u00eas membros, observada a proporcionalidade na representa\u00e7\u00e3o de partidos ou blocos pol\u00edticos. De acordo com o per\u00edodo de vig\u00eancia pelo qual se instalam, podem ser: Permanentes: se ultrapassam legislaturas, apreciando mat\u00e9rias submetidas a seu exame. Tempor\u00e1rias: se se encerram ao t\u00e9rmino da legislatura na qual foram criadas, apenas para o estudo de determinada mat\u00e9ria. Tamb\u00e9m \u00a0foram escolhidos os l\u00edderes dos partidos na C\u00e2mara de Serra Brancas. Ou\u00e7a. Como de costume, entre os lados de oposi\u00e7\u00e3o e situa\u00e7\u00e3o, \u00e9 indicado um vereador representa cada um, oposi\u00e7\u00e3o ser\u00e1 ter\u00e1 como l\u00edder o Vereador Guilherme Gaud\u00eancio (PSB), j\u00e1 situa\u00e7\u00e3o n\u00e3o se pronunciou, at\u00e9 o momento. Cariri em Destaque\" \/>\n<meta property=\"og:url\" content=\"https:\/\/noticiasemdestaque.com\/cd\/?p=1035\" \/>\n<meta property=\"og:site_name\" content=\"Not&iacute;cias em Destaque\" \/>\n<meta property=\"article:published_time\" content=\"2017-02-11T00:46:15+00:00\" \/>\n<meta property=\"article:modified_time\" content=\"2017-06-29T02:55:30+00:00\" \/>\n<meta property=\"og:image\" content=\"https:\/\/noticiasemdestaque.com\/cd\/wp-content\/uploads\/2017\/06\/IMG_2963-1024x683.jpg\" \/>\n\t<meta property=\"og:image:width\" content=\"1024\" \/>\n\t<meta property=\"og:image:height\" content=\"683\" \/>\n\t<meta property=\"og:image:type\" content=\"image\/jpeg\" \/>\n<meta name=\"author\" content=\"Not\u00edcias em Destaque\" \/>\n<meta name=\"twitter:card\" content=\"summary_large_image\" \/>\n<meta name=\"twitter:label1\" content=\"Escrito por\" \/>\n\t<meta name=\"twitter:data1\" content=\"Not\u00edcias em Destaque\" \/>\n\t<meta name=\"twitter:label2\" content=\"Est. tempo de leitura\" \/>\n\t<meta name=\"twitter:data2\" content=\"1 minuto\" \/>\n<script type=\"application\/ld+json\" class=\"yoast-schema-graph\">{\"@context\":\"https:\/\/schema.org\",\"@graph\":[{\"@type\":\"Article\",\"@id\":\"https:\/\/noticiasemdestaque.com\/cd\/?p=1035#article\",\"isPartOf\":{\"@id\":\"https:\/\/noticiasemdestaque.com\/cd\/?p=1035\"},\"author\":{\"name\":\"Not\u00edcias em Destaque\",\"@id\":\"https:\/\/noticiasemdestaque.com\/cd\/#\/schema\/person\/47f7d4f55eec17c6b2ca036c5500f6ce\"},\"headline\":\"EXCLUSIVO: Acontece em Serra Branca primeira sess\u00e3o legislativa\",\"datePublished\":\"2017-02-11T00:46:15+00:00\",\"dateModified\":\"2017-06-29T02:55:30+00:00\",\"mainEntityOfPage\":{\"@id\":\"https:\/\/noticiasemdestaque.com\/cd\/?p=1035\"},\"wordCount\":270,\"publisher\":{\"@id\":\"https:\/\/noticiasemdestaque.com\/cd\/#organization\"},\"image\":{\"@id\":\"https:\/\/noticiasemdestaque.com\/cd\/?p=1035#primaryimage\"},\"thumbnailUrl\":\"https:\/\/noticiasemdestaque.com\/cd\/wp-content\/uploads\/2017\/06\/IMG_2963.jpg\",\"articleSection\":[\"Cidades\"],\"inLanguage\":\"pt-BR\"},{\"@type\":\"WebPage\",\"@id\":\"https:\/\/noticiasemdestaque.com\/cd\/?p=1035\",\"url\":\"https:\/\/noticiasemdestaque.com\/cd\/?p=1035\",\"name\":\"EXCLUSIVO: Acontece em Serra Branca primeira sess\u00e3o legislativa - Not&iacute;cias em Destaque\",\"isPartOf\":{\"@id\":\"https:\/\/noticiasemdestaque.com\/cd\/#website\"},\"primaryImageOfPage\":{\"@id\":\"https:\/\/noticiasemdestaque.com\/cd\/?p=1035#primaryimage\"},\"image\":{\"@id\":\"https:\/\/noticiasemdestaque.com\/cd\/?p=1035#primaryimage\"},\"thumbnailUrl\":\"https:\/\/noticiasemdestaque.com\/cd\/wp-content\/uploads\/2017\/06\/IMG_2963.jpg\",\"datePublished\":\"2017-02-11T00:46:15+00:00\",\"dateModified\":\"2017-06-29T02:55:30+00:00\",\"breadcrumb\":{\"@id\":\"https:\/\/noticiasemdestaque.com\/cd\/?p=1035#breadcrumb\"},\"inLanguage\":\"pt-BR\",\"potentialAction\":[{\"@type\":\"ReadAction\",\"target\":[\"https:\/\/noticiasemdestaque.com\/cd\/?p=1035\"]}]},{\"@type\":\"ImageObject\",\"inLanguage\":\"pt-BR\",\"@id\":\"https:\/\/noticiasemdestaque.com\/cd\/?p=1035#primaryimage\",\"url\":\"https:\/\/noticiasemdestaque.com\/cd\/wp-content\/uploads\/2017\/06\/IMG_2963.jpg\",\"contentUrl\":\"https:\/\/noticiasemdestaque.com\/cd\/wp-content\/uploads\/2017\/06\/IMG_2963.jpg\",\"width\":5184,\"height\":3456},{\"@type\":\"BreadcrumbList\",\"@id\":\"https:\/\/noticiasemdestaque.com\/cd\/?p=1035#breadcrumb\",\"itemListElement\":[{\"@type\":\"ListItem\",\"position\":1,\"name\":\"In\u00edcio\",\"item\":\"https:\/\/noticiasemdestaque.com\/cd\/\"},{\"@type\":\"ListItem\",\"position\":2,\"name\":\"EXCLUSIVO: Acontece em Serra Branca primeira sess\u00e3o legislativa\"}]},{\"@type\":\"WebSite\",\"@id\":\"https:\/\/noticiasemdestaque.com\/cd\/#website\",\"url\":\"https:\/\/noticiasemdestaque.com\/cd\/\",\"name\":\"Not&iacute;cias em Destaque\",\"description\":\"\",\"publisher\":{\"@id\":\"https:\/\/noticiasemdestaque.com\/cd\/#organization\"},\"potentialAction\":[{\"@type\":\"SearchAction\",\"target\":{\"@type\":\"EntryPoint\",\"urlTemplate\":\"https:\/\/noticiasemdestaque.com\/cd\/?s={search_term_string}\"},\"query-input\":{\"@type\":\"PropertyValueSpecification\",\"valueRequired\":true,\"valueName\":\"search_term_string\"}}],\"inLanguage\":\"pt-BR\"},{\"@type\":\"Organization\",\"@id\":\"https:\/\/noticiasemdestaque.com\/cd\/#organization\",\"name\":\"Not\u00edcias em Destaque\",\"url\":\"https:\/\/noticiasemdestaque.com\/cd\/\",\"logo\":{\"@type\":\"ImageObject\",\"inLanguage\":\"pt-BR\",\"@id\":\"https:\/\/noticiasemdestaque.com\/cd\/#\/schema\/logo\/image\/\",\"url\":\"https:\/\/noticiasemdestaque.com\/cd\/wp-content\/uploads\/2022\/05\/imagem-base-noticiasemdestaque.png\",\"contentUrl\":\"https:\/\/noticiasemdestaque.com\/cd\/wp-content\/uploads\/2022\/05\/imagem-base-noticiasemdestaque.png\",\"width\":1200,\"height\":630,\"caption\":\"Not\u00edcias em Destaque\"},\"image\":{\"@id\":\"https:\/\/noticiasemdestaque.com\/cd\/#\/schema\/logo\/image\/\"}},{\"@type\":\"Person\",\"@id\":\"https:\/\/noticiasemdestaque.com\/cd\/#\/schema\/person\/47f7d4f55eec17c6b2ca036c5500f6ce\",\"name\":\"Not\u00edcias em Destaque\",\"url\":\"https:\/\/noticiasemdestaque.com\/cd\/?author=2\"}]}<\/script>\n<!-- \/ Yoast SEO plugin. -->","yoast_head_json":{"title":"EXCLUSIVO: Acontece em Serra Branca primeira sess\u00e3o legislativa - Not&iacute;cias em Destaque","robots":{"index":"index","follow":"follow","max-snippet":"max-snippet:-1","max-image-preview":"max-image-preview:large","max-video-preview":"max-video-preview:-1"},"canonical":"https:\/\/noticiasemdestaque.com\/cd\/?p=1035","og_locale":"pt_BR","og_type":"article","og_title":"EXCLUSIVO: Acontece em Serra Branca primeira sess\u00e3o legislativa - Not&iacute;cias em Destaque","og_description":"Aconteceu nesta sexta-feira (10), a primeira sess\u00e3o legislativa do ano 2017. Com todos os vereadores presentes, o presidente da Casa Ledson da Silva, Paulo S\u00e9rgio, abriu os trabalhos \u00e0s 17h30. Em menos de dois meses do governo de Souzinha, atrav\u00e9s de projeto de lei de urg\u00eancia, apresentado aos vereadores pede abertura de cr\u00e9dito especial para o exerc\u00edcio de 2017. \u00a0Ou\u00e7a a leitura do projeto por feita pelo o vereador Renan Mamede. Nesta sexta-feira, tamb\u00e9m foram escolhidos os vereadores para compor as Comiss\u00f5es. O Presidente da Casa, Paulo S\u00e9rgio, destaca quem ficou em cada Comiss\u00e3o. As Comiss\u00f5es s\u00e3o \u00f3rg\u00e3os t\u00e9cnicos institu\u00eddos pelo Regimento Interno da Casa, destinados a elaborar estudos e emitir pareceres, representar a C\u00e2mara, dentre outras fun\u00e7\u00f5es.\u00a0 \u00c9 composta de pelo menos tr\u00eas membros, observada a proporcionalidade na representa\u00e7\u00e3o de partidos ou blocos pol\u00edticos. De acordo com o per\u00edodo de vig\u00eancia pelo qual se instalam, podem ser: Permanentes: se ultrapassam legislaturas, apreciando mat\u00e9rias submetidas a seu exame. Tempor\u00e1rias: se se encerram ao t\u00e9rmino da legislatura na qual foram criadas, apenas para o estudo de determinada mat\u00e9ria. Tamb\u00e9m \u00a0foram escolhidos os l\u00edderes dos partidos na C\u00e2mara de Serra Brancas. Ou\u00e7a. Como de costume, entre os lados de oposi\u00e7\u00e3o e situa\u00e7\u00e3o, \u00e9 indicado um vereador representa cada um, oposi\u00e7\u00e3o ser\u00e1 ter\u00e1 como l\u00edder o Vereador Guilherme Gaud\u00eancio (PSB), j\u00e1 situa\u00e7\u00e3o n\u00e3o se pronunciou, at\u00e9 o momento. Cariri em Destaque","og_url":"https:\/\/noticiasemdestaque.com\/cd\/?p=1035","og_site_name":"Not&iacute;cias em Destaque","article_published_time":"2017-02-11T00:46:15+00:00","article_modified_time":"2017-06-29T02:55:30+00:00","og_image":[{"width":1024,"height":683,"url":"https:\/\/noticiasemdestaque.com\/cd\/wp-content\/uploads\/2017\/06\/IMG_2963-1024x683.jpg","type":"image\/jpeg"}],"author":"Not\u00edcias em Destaque","twitter_card":"summary_large_image","twitter_misc":{"Escrito por":"Not\u00edcias em Destaque","Est. tempo de leitura":"1 minuto"},"schema":{"@context":"https:\/\/schema.org","@graph":[{"@type":"Article","@id":"https:\/\/noticiasemdestaque.com\/cd\/?p=1035#article","isPartOf":{"@id":"https:\/\/noticiasemdestaque.com\/cd\/?p=1035"},"author":{"name":"Not\u00edcias em Destaque","@id":"https:\/\/noticiasemdestaque.com\/cd\/#\/schema\/person\/47f7d4f55eec17c6b2ca036c5500f6ce"},"headline":"EXCLUSIVO: Acontece em Serra Branca primeira sess\u00e3o legislativa","datePublished":"2017-02-11T00:46:15+00:00","dateModified":"2017-06-29T02:55:30+00:00","mainEntityOfPage":{"@id":"https:\/\/noticiasemdestaque.com\/cd\/?p=1035"},"wordCount":270,"publisher":{"@id":"https:\/\/noticiasemdestaque.com\/cd\/#organization"},"image":{"@id":"https:\/\/noticiasemdestaque.com\/cd\/?p=1035#primaryimage"},"thumbnailUrl":"https:\/\/noticiasemdestaque.com\/cd\/wp-content\/uploads\/2017\/06\/IMG_2963.jpg","articleSection":["Cidades"],"inLanguage":"pt-BR"},{"@type":"WebPage","@id":"https:\/\/noticiasemdestaque.com\/cd\/?p=1035","url":"https:\/\/noticiasemdestaque.com\/cd\/?p=1035","name":"EXCLUSIVO: Acontece em Serra Branca primeira sess\u00e3o legislativa - Not&iacute;cias em Destaque","isPartOf":{"@id":"https:\/\/noticiasemdestaque.com\/cd\/#website"},"primaryImageOfPage":{"@id":"https:\/\/noticiasemdestaque.com\/cd\/?p=1035#primaryimage"},"image":{"@id":"https:\/\/noticiasemdestaque.com\/cd\/?p=1035#primaryimage"},"thumbnailUrl":"https:\/\/noticiasemdestaque.com\/cd\/wp-content\/uploads\/2017\/06\/IMG_2963.jpg","datePublished":"2017-02-11T00:46:15+00:00","dateModified":"2017-06-29T02:55:30+00:00","breadcrumb":{"@id":"https:\/\/noticiasemdestaque.com\/cd\/?p=1035#breadcrumb"},"inLanguage":"pt-BR","potentialAction":[{"@type":"ReadAction","target":["https:\/\/noticiasemdestaque.com\/cd\/?p=1035"]}]},{"@type":"ImageObject","inLanguage":"pt-BR","@id":"https:\/\/noticiasemdestaque.com\/cd\/?p=1035#primaryimage","url":"https:\/\/noticiasemdestaque.com\/cd\/wp-content\/uploads\/2017\/06\/IMG_2963.jpg","contentUrl":"https:\/\/noticiasemdestaque.com\/cd\/wp-content\/uploads\/2017\/06\/IMG_2963.jpg","width":5184,"height":3456},{"@type":"BreadcrumbList","@id":"https:\/\/noticiasemdestaque.com\/cd\/?p=1035#breadcrumb","itemListElement":[{"@type":"ListItem","position":1,"name":"In\u00edcio","item":"https:\/\/noticiasemdestaque.com\/cd\/"},{"@type":"ListItem","position":2,"name":"EXCLUSIVO: Acontece em Serra Branca primeira sess\u00e3o legislativa"}]},{"@type":"WebSite","@id":"https:\/\/noticiasemdestaque.com\/cd\/#website","url":"https:\/\/noticiasemdestaque.com\/cd\/","name":"Not&iacute;cias em Destaque","description":"","publisher":{"@id":"https:\/\/noticiasemdestaque.com\/cd\/#organization"},"potentialAction":[{"@type":"SearchAction","target":{"@type":"EntryPoint","urlTemplate":"https:\/\/noticiasemdestaque.com\/cd\/?s={search_term_string}"},"query-input":{"@type":"PropertyValueSpecification","valueRequired":true,"valueName":"search_term_string"}}],"inLanguage":"pt-BR"},{"@type":"Organization","@id":"https:\/\/noticiasemdestaque.com\/cd\/#organization","name":"Not\u00edcias em Destaque","url":"https:\/\/noticiasemdestaque.com\/cd\/","logo":{"@type":"ImageObject","inLanguage":"pt-BR","@id":"https:\/\/noticiasemdestaque.com\/cd\/#\/schema\/logo\/image\/","url":"https:\/\/noticiasemdestaque.com\/cd\/wp-content\/uploads\/2022\/05\/imagem-base-noticiasemdestaque.png","contentUrl":"https:\/\/noticiasemdestaque.com\/cd\/wp-content\/uploads\/2022\/05\/imagem-base-noticiasemdestaque.png","width":1200,"height":630,"caption":"Not\u00edcias em Destaque"},"image":{"@id":"https:\/\/noticiasemdestaque.com\/cd\/#\/schema\/logo\/image\/"}},{"@type":"Person","@id":"https:\/\/noticiasemdestaque.com\/cd\/#\/schema\/person\/47f7d4f55eec17c6b2ca036c5500f6ce","name":"Not\u00edcias em Destaque","url":"https:\/\/noticiasemdestaque.com\/cd\/?author=2"}]}},"jetpack_featured_media_url":"https:\/\/noticiasemdestaque.com\/cd\/wp-content\/uploads\/2017\/06\/IMG_2963.jpg","jetpack_sharing_enabled":true,"_links":{"self":[{"href":"https:\/\/noticiasemdestaque.com\/cd\/index.php?rest_route=\/wp\/v2\/posts\/1035","targetHints":{"allow":["GET"]}}],"collection":[{"href":"https:\/\/noticiasemdestaque.com\/cd\/index.php?rest_route=\/wp\/v2\/posts"}],"about":[{"href":"https:\/\/noticiasemdestaque.com\/cd\/index.php?rest_route=\/wp\/v2\/types\/post"}],"author":[{"embeddable":true,"href":"https:\/\/noticiasemdestaque.com\/cd\/index.php?rest_route=\/wp\/v2\/users\/2"}],"replies":[{"embeddable":true,"href":"https:\/\/noticiasemdestaque.com\/cd\/index.php?rest_route=%2Fwp%2Fv2%2Fcomments&post=1035"}],"version-history":[{"count":1,"href":"https:\/\/noticiasemdestaque.com\/cd\/index.php?rest_route=\/wp\/v2\/posts\/1035\/revisions"}],"predecessor-version":[{"id":1040,"href":"https:\/\/noticiasemdestaque.com\/cd\/index.php?rest_route=\/wp\/v2\/posts\/1035\/revisions\/1040"}],"wp:featuredmedia":[{"embeddable":true,"href":"https:\/\/noticiasemdestaque.com\/cd\/index.php?rest_route=\/wp\/v2\/media\/1039"}],"wp:attachment":[{"href":"https:\/\/noticiasemdestaque.com\/cd\/index.php?rest_route=%2Fwp%2Fv2%2Fmedia&parent=1035"}],"wp:term":[{"taxonomy":"category","embeddable":true,"href":"https:\/\/noticiasemdestaque.com\/cd\/index.php?rest_route=%2Fwp%2Fv2%2Fcategories&post=1035"},{"taxonomy":"post_tag","embeddable":true,"href":"https:\/\/noticiasemdestaque.com\/cd\/index.php?rest_route=%2Fwp%2Fv2%2Ftags&post=1035"}],"curies":[{"name":"wp","href":"https:\/\/api.w.org\/{rel}","templated":true}]}}