{"id":1029,"date":"2017-02-25T23:37:38","date_gmt":"2017-02-26T02:37:38","guid":{"rendered":"http:\/\/caririemdestaque.com\/cd\/?p=1029"},"modified":"2017-06-28T23:41:36","modified_gmt":"2017-06-29T02:41:36","slug":"exclusivo-em-serra-branca-presidente-promulga-lei-e-garante-estudo-para-acessibilidade-da-camara","status":"publish","type":"post","link":"https:\/\/noticiasemdestaque.com\/cd\/?p=1029","title":{"rendered":"Exclusivo: Em Serra Branca: Presidente promulga lei e garante estudo para acessibilidade da C\u00e2mara"},"content":{"rendered":"<p><a href=\"http:\/\/caririemdestaque.com\/cd\/wp-content\/uploads\/2017\/06\/IMG_2962.jpg\"><img fetchpriority=\"high\" decoding=\"async\" class=\"size-medium wp-image-1030 alignleft\" src=\"http:\/\/caririemdestaque.com\/cd\/wp-content\/uploads\/2017\/06\/IMG_2962-300x200.jpg\" alt=\"\" width=\"300\" height=\"200\" srcset=\"https:\/\/noticiasemdestaque.com\/cd\/wp-content\/uploads\/2017\/06\/IMG_2962-300x200.jpg 300w, https:\/\/noticiasemdestaque.com\/cd\/wp-content\/uploads\/2017\/06\/IMG_2962-768x512.jpg 768w, https:\/\/noticiasemdestaque.com\/cd\/wp-content\/uploads\/2017\/06\/IMG_2962-1024x683.jpg 1024w, https:\/\/noticiasemdestaque.com\/cd\/wp-content\/uploads\/2017\/06\/IMG_2962-480x320.jpg 480w\" sizes=\"(max-width: 300px) 100vw, 300px\" \/><\/a>Aconteceu nessa sexta-feira (24), com a presen\u00e7a de servidores municipal de Serra Branca, mais uma sess\u00e3o, sendo que constava em pauta a promulga\u00e7\u00e3o da lei que garanteum adicional pelo exerc\u00edcio de atividade insalubre, perigosa ou penosa, de autoria do ex-vereador Josenildo Gon\u00e7alves(PT), e que \u00a0a pedido do Vereador Guilherme Gaud\u00eancio, fora transitada a discuss\u00e3o.<\/p>\n<p>Com debates acirrados entre oposi\u00e7\u00e3o e situa\u00e7\u00e3o, o presidente Paulo S\u00e9rgio de Ara\u00fajo, uso a tribuna para falar sobre um parecer jur\u00eddico que tratava da legalidade da promulga\u00e7\u00e3o da lei por parte da mesa diretora.<\/p>\n<p>Agora o poder Executivo pode questionar sobre a inconstitucionalidade da lei, em vista que o projeto original que n\u00e3o sofreu nenhuma altera\u00e7\u00e3o, mas gera despesa ao Munic\u00edpio, e sabendo disso mesmo assim os vereadores da legislatura passada aprovaram o projeto de lei.<\/p>\n<p>Paulo S\u00e9rgio concedeu uma entrevista exclusiva ao Focando Para\u00edba dizendo: \u201cA lei chegou a Prefeitura no dia 17 de novembro de 2016, o prefeito tinha 15 dias para sancionar, mas foi passado o prazo e nem retornou \u00e0 C\u00e2mara, a lei s\u00f3 chegou em meados de janeiro desse ano, e atrav\u00e9s de \u00a0\u00a0cobran\u00e7a do vereador, requisitei a assessoria jur\u00eddica da C\u00e2mara o parecer que voc\u00ea e os servidores acompanharam. Ent\u00e3o debatemos a lei e depois a promulgamos. \u201d<\/p>\n<p>Para se chegar ao plen\u00e1rio da Casa Ledson da Silva, existe uma escada, e nenhum outro meio com acessibilidade para as pessoas com defici\u00eancia. E ao ser indagado pelo o rep\u00f3rter Wandri Tadeus, se Paulo enquanto Presidente iria fazer algo ou ser omisso, ele disse: \u201c Estou vendo a quest\u00e3o do or\u00e7amento da C\u00e2mara para atender a essa demanda. Inclusive j\u00e1 pedi um estudo a profissionais da \u00e1rea para saber qual o melhor lugar para ser fazer uma rampa.\u201d<\/p>\n<p><em><strong>Cariri em Destaque<\/strong><\/em><\/p>\n","protected":false},"excerpt":{"rendered":"<p>Aconteceu nessa sexta-feira (24), com a presen\u00e7a de servidores municipal de Serra Branca, mais uma sess\u00e3o, sendo que constava em pauta a promulga\u00e7\u00e3o da lei que garanteum adicional pelo exerc\u00edcio de atividade insalubre, perigosa ou penosa, de autoria do ex-vereador Josenildo Gon\u00e7alves(PT), e que \u00a0a pedido do Vereador Guilherme Gaud\u00eancio, fora transitada a discuss\u00e3o. Com debates acirrados entre oposi\u00e7\u00e3o e situa\u00e7\u00e3o, o presidente Paulo S\u00e9rgio de Ara\u00fajo, uso a tribuna para falar sobre um parecer jur\u00eddico que tratava da legalidade da promulga\u00e7\u00e3o da lei por parte da mesa diretora. Agora o poder Executivo pode questionar sobre a inconstitucionalidade da lei, em vista que o projeto original que n\u00e3o sofreu nenhuma altera\u00e7\u00e3o, mas gera despesa ao Munic\u00edpio, e sabendo disso mesmo assim os vereadores da legislatura passada aprovaram o projeto de lei. Paulo S\u00e9rgio concedeu uma entrevista exclusiva ao Focando Para\u00edba dizendo: \u201cA lei chegou a Prefeitura no dia 17 de novembro de 2016, o prefeito tinha 15 dias para sancionar, mas foi passado o prazo e nem retornou \u00e0 C\u00e2mara, a lei s\u00f3 chegou em meados de janeiro desse ano, e atrav\u00e9s de \u00a0\u00a0cobran\u00e7a do vereador, requisitei a assessoria jur\u00eddica da C\u00e2mara o parecer que voc\u00ea e os servidores acompanharam. Ent\u00e3o debatemos a lei e depois a promulgamos. \u201d Para se chegar ao plen\u00e1rio da Casa Ledson da Silva, existe uma escada, e nenhum outro meio com acessibilidade para as pessoas com defici\u00eancia. E ao ser indagado pelo o rep\u00f3rter Wandri Tadeus, se Paulo enquanto Presidente iria fazer algo ou ser omisso, ele disse: \u201c Estou vendo a quest\u00e3o do or\u00e7amento da C\u00e2mara para atender a essa demanda. Inclusive j\u00e1 pedi um estudo a profissionais da \u00e1rea para saber qual o melhor lugar para ser fazer uma rampa.\u201d Cariri em Destaque<\/p>\n","protected":false},"author":2,"featured_media":1030,"comment_status":"closed","ping_status":"open","sticky":false,"template":"","format":"standard","meta":{"_eb_attr":"","_jetpack_memberships_contains_paid_content":false,"footnotes":""},"categories":[3],"tags":[],"class_list":["post-1029","post","type-post","status-publish","format-standard","has-post-thumbnail","hentry","category-cidades"],"yoast_head":"<!-- This site is optimized with the Yoast SEO plugin v26.5 - https:\/\/yoast.com\/wordpress\/plugins\/seo\/ -->\n<title>Exclusivo: Em Serra Branca: Presidente promulga lei e garante estudo para acessibilidade da C\u00e2mara - Not&iacute;cias em Destaque<\/title>\n<meta name=\"robots\" content=\"index, follow, max-snippet:-1, max-image-preview:large, max-video-preview:-1\" \/>\n<link rel=\"canonical\" href=\"https:\/\/noticiasemdestaque.com\/cd\/?p=1029\" \/>\n<meta property=\"og:locale\" content=\"pt_BR\" \/>\n<meta property=\"og:type\" content=\"article\" \/>\n<meta property=\"og:title\" content=\"Exclusivo: Em Serra Branca: Presidente promulga lei e garante estudo para acessibilidade da C\u00e2mara - Not&iacute;cias em Destaque\" \/>\n<meta property=\"og:description\" content=\"Aconteceu nessa sexta-feira (24), com a presen\u00e7a de servidores municipal de Serra Branca, mais uma sess\u00e3o, sendo que constava em pauta a promulga\u00e7\u00e3o da lei que garanteum adicional pelo exerc\u00edcio de atividade insalubre, perigosa ou penosa, de autoria do ex-vereador Josenildo Gon\u00e7alves(PT), e que \u00a0a pedido do Vereador Guilherme Gaud\u00eancio, fora transitada a discuss\u00e3o. Com debates acirrados entre oposi\u00e7\u00e3o e situa\u00e7\u00e3o, o presidente Paulo S\u00e9rgio de Ara\u00fajo, uso a tribuna para falar sobre um parecer jur\u00eddico que tratava da legalidade da promulga\u00e7\u00e3o da lei por parte da mesa diretora. Agora o poder Executivo pode questionar sobre a inconstitucionalidade da lei, em vista que o projeto original que n\u00e3o sofreu nenhuma altera\u00e7\u00e3o, mas gera despesa ao Munic\u00edpio, e sabendo disso mesmo assim os vereadores da legislatura passada aprovaram o projeto de lei. Paulo S\u00e9rgio concedeu uma entrevista exclusiva ao Focando Para\u00edba dizendo: \u201cA lei chegou a Prefeitura no dia 17 de novembro de 2016, o prefeito tinha 15 dias para sancionar, mas foi passado o prazo e nem retornou \u00e0 C\u00e2mara, a lei s\u00f3 chegou em meados de janeiro desse ano, e atrav\u00e9s de \u00a0\u00a0cobran\u00e7a do vereador, requisitei a assessoria jur\u00eddica da C\u00e2mara o parecer que voc\u00ea e os servidores acompanharam. Ent\u00e3o debatemos a lei e depois a promulgamos. \u201d Para se chegar ao plen\u00e1rio da Casa Ledson da Silva, existe uma escada, e nenhum outro meio com acessibilidade para as pessoas com defici\u00eancia. E ao ser indagado pelo o rep\u00f3rter Wandri Tadeus, se Paulo enquanto Presidente iria fazer algo ou ser omisso, ele disse: \u201c Estou vendo a quest\u00e3o do or\u00e7amento da C\u00e2mara para atender a essa demanda. Inclusive j\u00e1 pedi um estudo a profissionais da \u00e1rea para saber qual o melhor lugar para ser fazer uma rampa.\u201d Cariri em Destaque\" \/>\n<meta property=\"og:url\" content=\"https:\/\/noticiasemdestaque.com\/cd\/?p=1029\" \/>\n<meta property=\"og:site_name\" content=\"Not&iacute;cias em Destaque\" \/>\n<meta property=\"article:published_time\" content=\"2017-02-26T02:37:38+00:00\" \/>\n<meta property=\"article:modified_time\" content=\"2017-06-29T02:41:36+00:00\" \/>\n<meta property=\"og:image\" content=\"https:\/\/noticiasemdestaque.com\/cd\/wp-content\/uploads\/2017\/06\/IMG_2962-1024x683.jpg\" \/>\n\t<meta property=\"og:image:width\" content=\"1024\" \/>\n\t<meta property=\"og:image:height\" content=\"683\" \/>\n\t<meta property=\"og:image:type\" content=\"image\/jpeg\" \/>\n<meta name=\"author\" content=\"Not\u00edcias em Destaque\" \/>\n<meta name=\"twitter:card\" content=\"summary_large_image\" \/>\n<meta name=\"twitter:label1\" content=\"Escrito por\" \/>\n\t<meta name=\"twitter:data1\" content=\"Not\u00edcias em Destaque\" \/>\n\t<meta name=\"twitter:label2\" content=\"Est. tempo de leitura\" \/>\n\t<meta name=\"twitter:data2\" content=\"2 minutos\" \/>\n<script type=\"application\/ld+json\" class=\"yoast-schema-graph\">{\"@context\":\"https:\/\/schema.org\",\"@graph\":[{\"@type\":\"Article\",\"@id\":\"https:\/\/noticiasemdestaque.com\/cd\/?p=1029#article\",\"isPartOf\":{\"@id\":\"https:\/\/noticiasemdestaque.com\/cd\/?p=1029\"},\"author\":{\"name\":\"Not\u00edcias em Destaque\",\"@id\":\"https:\/\/noticiasemdestaque.com\/cd\/#\/schema\/person\/47f7d4f55eec17c6b2ca036c5500f6ce\"},\"headline\":\"Exclusivo: Em Serra Branca: Presidente promulga lei e garante estudo para acessibilidade da C\u00e2mara\",\"datePublished\":\"2017-02-26T02:37:38+00:00\",\"dateModified\":\"2017-06-29T02:41:36+00:00\",\"mainEntityOfPage\":{\"@id\":\"https:\/\/noticiasemdestaque.com\/cd\/?p=1029\"},\"wordCount\":330,\"publisher\":{\"@id\":\"https:\/\/noticiasemdestaque.com\/cd\/#organization\"},\"image\":{\"@id\":\"https:\/\/noticiasemdestaque.com\/cd\/?p=1029#primaryimage\"},\"thumbnailUrl\":\"https:\/\/noticiasemdestaque.com\/cd\/wp-content\/uploads\/2017\/06\/IMG_2962.jpg\",\"articleSection\":[\"Cidades\"],\"inLanguage\":\"pt-BR\"},{\"@type\":\"WebPage\",\"@id\":\"https:\/\/noticiasemdestaque.com\/cd\/?p=1029\",\"url\":\"https:\/\/noticiasemdestaque.com\/cd\/?p=1029\",\"name\":\"Exclusivo: Em Serra Branca: Presidente promulga lei e garante estudo para acessibilidade da C\u00e2mara - Not&iacute;cias em Destaque\",\"isPartOf\":{\"@id\":\"https:\/\/noticiasemdestaque.com\/cd\/#website\"},\"primaryImageOfPage\":{\"@id\":\"https:\/\/noticiasemdestaque.com\/cd\/?p=1029#primaryimage\"},\"image\":{\"@id\":\"https:\/\/noticiasemdestaque.com\/cd\/?p=1029#primaryimage\"},\"thumbnailUrl\":\"https:\/\/noticiasemdestaque.com\/cd\/wp-content\/uploads\/2017\/06\/IMG_2962.jpg\",\"datePublished\":\"2017-02-26T02:37:38+00:00\",\"dateModified\":\"2017-06-29T02:41:36+00:00\",\"breadcrumb\":{\"@id\":\"https:\/\/noticiasemdestaque.com\/cd\/?p=1029#breadcrumb\"},\"inLanguage\":\"pt-BR\",\"potentialAction\":[{\"@type\":\"ReadAction\",\"target\":[\"https:\/\/noticiasemdestaque.com\/cd\/?p=1029\"]}]},{\"@type\":\"ImageObject\",\"inLanguage\":\"pt-BR\",\"@id\":\"https:\/\/noticiasemdestaque.com\/cd\/?p=1029#primaryimage\",\"url\":\"https:\/\/noticiasemdestaque.com\/cd\/wp-content\/uploads\/2017\/06\/IMG_2962.jpg\",\"contentUrl\":\"https:\/\/noticiasemdestaque.com\/cd\/wp-content\/uploads\/2017\/06\/IMG_2962.jpg\",\"width\":5184,\"height\":3456},{\"@type\":\"BreadcrumbList\",\"@id\":\"https:\/\/noticiasemdestaque.com\/cd\/?p=1029#breadcrumb\",\"itemListElement\":[{\"@type\":\"ListItem\",\"position\":1,\"name\":\"In\u00edcio\",\"item\":\"https:\/\/noticiasemdestaque.com\/cd\/\"},{\"@type\":\"ListItem\",\"position\":2,\"name\":\"Exclusivo: Em Serra Branca: Presidente promulga lei e garante estudo para acessibilidade da C\u00e2mara\"}]},{\"@type\":\"WebSite\",\"@id\":\"https:\/\/noticiasemdestaque.com\/cd\/#website\",\"url\":\"https:\/\/noticiasemdestaque.com\/cd\/\",\"name\":\"Not&iacute;cias em Destaque\",\"description\":\"\",\"publisher\":{\"@id\":\"https:\/\/noticiasemdestaque.com\/cd\/#organization\"},\"potentialAction\":[{\"@type\":\"SearchAction\",\"target\":{\"@type\":\"EntryPoint\",\"urlTemplate\":\"https:\/\/noticiasemdestaque.com\/cd\/?s={search_term_string}\"},\"query-input\":{\"@type\":\"PropertyValueSpecification\",\"valueRequired\":true,\"valueName\":\"search_term_string\"}}],\"inLanguage\":\"pt-BR\"},{\"@type\":\"Organization\",\"@id\":\"https:\/\/noticiasemdestaque.com\/cd\/#organization\",\"name\":\"Not\u00edcias em Destaque\",\"url\":\"https:\/\/noticiasemdestaque.com\/cd\/\",\"logo\":{\"@type\":\"ImageObject\",\"inLanguage\":\"pt-BR\",\"@id\":\"https:\/\/noticiasemdestaque.com\/cd\/#\/schema\/logo\/image\/\",\"url\":\"https:\/\/noticiasemdestaque.com\/cd\/wp-content\/uploads\/2022\/05\/imagem-base-noticiasemdestaque.png\",\"contentUrl\":\"https:\/\/noticiasemdestaque.com\/cd\/wp-content\/uploads\/2022\/05\/imagem-base-noticiasemdestaque.png\",\"width\":1200,\"height\":630,\"caption\":\"Not\u00edcias em Destaque\"},\"image\":{\"@id\":\"https:\/\/noticiasemdestaque.com\/cd\/#\/schema\/logo\/image\/\"}},{\"@type\":\"Person\",\"@id\":\"https:\/\/noticiasemdestaque.com\/cd\/#\/schema\/person\/47f7d4f55eec17c6b2ca036c5500f6ce\",\"name\":\"Not\u00edcias em Destaque\",\"url\":\"https:\/\/noticiasemdestaque.com\/cd\/?author=2\"}]}<\/script>\n<!-- \/ Yoast SEO plugin. -->","yoast_head_json":{"title":"Exclusivo: Em Serra Branca: Presidente promulga lei e garante estudo para acessibilidade da C\u00e2mara - Not&iacute;cias em Destaque","robots":{"index":"index","follow":"follow","max-snippet":"max-snippet:-1","max-image-preview":"max-image-preview:large","max-video-preview":"max-video-preview:-1"},"canonical":"https:\/\/noticiasemdestaque.com\/cd\/?p=1029","og_locale":"pt_BR","og_type":"article","og_title":"Exclusivo: Em Serra Branca: Presidente promulga lei e garante estudo para acessibilidade da C\u00e2mara - Not&iacute;cias em Destaque","og_description":"Aconteceu nessa sexta-feira (24), com a presen\u00e7a de servidores municipal de Serra Branca, mais uma sess\u00e3o, sendo que constava em pauta a promulga\u00e7\u00e3o da lei que garanteum adicional pelo exerc\u00edcio de atividade insalubre, perigosa ou penosa, de autoria do ex-vereador Josenildo Gon\u00e7alves(PT), e que \u00a0a pedido do Vereador Guilherme Gaud\u00eancio, fora transitada a discuss\u00e3o. Com debates acirrados entre oposi\u00e7\u00e3o e situa\u00e7\u00e3o, o presidente Paulo S\u00e9rgio de Ara\u00fajo, uso a tribuna para falar sobre um parecer jur\u00eddico que tratava da legalidade da promulga\u00e7\u00e3o da lei por parte da mesa diretora. Agora o poder Executivo pode questionar sobre a inconstitucionalidade da lei, em vista que o projeto original que n\u00e3o sofreu nenhuma altera\u00e7\u00e3o, mas gera despesa ao Munic\u00edpio, e sabendo disso mesmo assim os vereadores da legislatura passada aprovaram o projeto de lei. Paulo S\u00e9rgio concedeu uma entrevista exclusiva ao Focando Para\u00edba dizendo: \u201cA lei chegou a Prefeitura no dia 17 de novembro de 2016, o prefeito tinha 15 dias para sancionar, mas foi passado o prazo e nem retornou \u00e0 C\u00e2mara, a lei s\u00f3 chegou em meados de janeiro desse ano, e atrav\u00e9s de \u00a0\u00a0cobran\u00e7a do vereador, requisitei a assessoria jur\u00eddica da C\u00e2mara o parecer que voc\u00ea e os servidores acompanharam. Ent\u00e3o debatemos a lei e depois a promulgamos. \u201d Para se chegar ao plen\u00e1rio da Casa Ledson da Silva, existe uma escada, e nenhum outro meio com acessibilidade para as pessoas com defici\u00eancia. E ao ser indagado pelo o rep\u00f3rter Wandri Tadeus, se Paulo enquanto Presidente iria fazer algo ou ser omisso, ele disse: \u201c Estou vendo a quest\u00e3o do or\u00e7amento da C\u00e2mara para atender a essa demanda. Inclusive j\u00e1 pedi um estudo a profissionais da \u00e1rea para saber qual o melhor lugar para ser fazer uma rampa.\u201d Cariri em Destaque","og_url":"https:\/\/noticiasemdestaque.com\/cd\/?p=1029","og_site_name":"Not&iacute;cias em Destaque","article_published_time":"2017-02-26T02:37:38+00:00","article_modified_time":"2017-06-29T02:41:36+00:00","og_image":[{"width":1024,"height":683,"url":"https:\/\/noticiasemdestaque.com\/cd\/wp-content\/uploads\/2017\/06\/IMG_2962-1024x683.jpg","type":"image\/jpeg"}],"author":"Not\u00edcias em Destaque","twitter_card":"summary_large_image","twitter_misc":{"Escrito por":"Not\u00edcias em Destaque","Est. tempo de leitura":"2 minutos"},"schema":{"@context":"https:\/\/schema.org","@graph":[{"@type":"Article","@id":"https:\/\/noticiasemdestaque.com\/cd\/?p=1029#article","isPartOf":{"@id":"https:\/\/noticiasemdestaque.com\/cd\/?p=1029"},"author":{"name":"Not\u00edcias em Destaque","@id":"https:\/\/noticiasemdestaque.com\/cd\/#\/schema\/person\/47f7d4f55eec17c6b2ca036c5500f6ce"},"headline":"Exclusivo: Em Serra Branca: Presidente promulga lei e garante estudo para acessibilidade da C\u00e2mara","datePublished":"2017-02-26T02:37:38+00:00","dateModified":"2017-06-29T02:41:36+00:00","mainEntityOfPage":{"@id":"https:\/\/noticiasemdestaque.com\/cd\/?p=1029"},"wordCount":330,"publisher":{"@id":"https:\/\/noticiasemdestaque.com\/cd\/#organization"},"image":{"@id":"https:\/\/noticiasemdestaque.com\/cd\/?p=1029#primaryimage"},"thumbnailUrl":"https:\/\/noticiasemdestaque.com\/cd\/wp-content\/uploads\/2017\/06\/IMG_2962.jpg","articleSection":["Cidades"],"inLanguage":"pt-BR"},{"@type":"WebPage","@id":"https:\/\/noticiasemdestaque.com\/cd\/?p=1029","url":"https:\/\/noticiasemdestaque.com\/cd\/?p=1029","name":"Exclusivo: Em Serra Branca: Presidente promulga lei e garante estudo para acessibilidade da C\u00e2mara - Not&iacute;cias em Destaque","isPartOf":{"@id":"https:\/\/noticiasemdestaque.com\/cd\/#website"},"primaryImageOfPage":{"@id":"https:\/\/noticiasemdestaque.com\/cd\/?p=1029#primaryimage"},"image":{"@id":"https:\/\/noticiasemdestaque.com\/cd\/?p=1029#primaryimage"},"thumbnailUrl":"https:\/\/noticiasemdestaque.com\/cd\/wp-content\/uploads\/2017\/06\/IMG_2962.jpg","datePublished":"2017-02-26T02:37:38+00:00","dateModified":"2017-06-29T02:41:36+00:00","breadcrumb":{"@id":"https:\/\/noticiasemdestaque.com\/cd\/?p=1029#breadcrumb"},"inLanguage":"pt-BR","potentialAction":[{"@type":"ReadAction","target":["https:\/\/noticiasemdestaque.com\/cd\/?p=1029"]}]},{"@type":"ImageObject","inLanguage":"pt-BR","@id":"https:\/\/noticiasemdestaque.com\/cd\/?p=1029#primaryimage","url":"https:\/\/noticiasemdestaque.com\/cd\/wp-content\/uploads\/2017\/06\/IMG_2962.jpg","contentUrl":"https:\/\/noticiasemdestaque.com\/cd\/wp-content\/uploads\/2017\/06\/IMG_2962.jpg","width":5184,"height":3456},{"@type":"BreadcrumbList","@id":"https:\/\/noticiasemdestaque.com\/cd\/?p=1029#breadcrumb","itemListElement":[{"@type":"ListItem","position":1,"name":"In\u00edcio","item":"https:\/\/noticiasemdestaque.com\/cd\/"},{"@type":"ListItem","position":2,"name":"Exclusivo: Em Serra Branca: Presidente promulga lei e garante estudo para acessibilidade da C\u00e2mara"}]},{"@type":"WebSite","@id":"https:\/\/noticiasemdestaque.com\/cd\/#website","url":"https:\/\/noticiasemdestaque.com\/cd\/","name":"Not&iacute;cias em Destaque","description":"","publisher":{"@id":"https:\/\/noticiasemdestaque.com\/cd\/#organization"},"potentialAction":[{"@type":"SearchAction","target":{"@type":"EntryPoint","urlTemplate":"https:\/\/noticiasemdestaque.com\/cd\/?s={search_term_string}"},"query-input":{"@type":"PropertyValueSpecification","valueRequired":true,"valueName":"search_term_string"}}],"inLanguage":"pt-BR"},{"@type":"Organization","@id":"https:\/\/noticiasemdestaque.com\/cd\/#organization","name":"Not\u00edcias em Destaque","url":"https:\/\/noticiasemdestaque.com\/cd\/","logo":{"@type":"ImageObject","inLanguage":"pt-BR","@id":"https:\/\/noticiasemdestaque.com\/cd\/#\/schema\/logo\/image\/","url":"https:\/\/noticiasemdestaque.com\/cd\/wp-content\/uploads\/2022\/05\/imagem-base-noticiasemdestaque.png","contentUrl":"https:\/\/noticiasemdestaque.com\/cd\/wp-content\/uploads\/2022\/05\/imagem-base-noticiasemdestaque.png","width":1200,"height":630,"caption":"Not\u00edcias em Destaque"},"image":{"@id":"https:\/\/noticiasemdestaque.com\/cd\/#\/schema\/logo\/image\/"}},{"@type":"Person","@id":"https:\/\/noticiasemdestaque.com\/cd\/#\/schema\/person\/47f7d4f55eec17c6b2ca036c5500f6ce","name":"Not\u00edcias em Destaque","url":"https:\/\/noticiasemdestaque.com\/cd\/?author=2"}]}},"jetpack_featured_media_url":"https:\/\/noticiasemdestaque.com\/cd\/wp-content\/uploads\/2017\/06\/IMG_2962.jpg","jetpack_sharing_enabled":true,"_links":{"self":[{"href":"https:\/\/noticiasemdestaque.com\/cd\/index.php?rest_route=\/wp\/v2\/posts\/1029","targetHints":{"allow":["GET"]}}],"collection":[{"href":"https:\/\/noticiasemdestaque.com\/cd\/index.php?rest_route=\/wp\/v2\/posts"}],"about":[{"href":"https:\/\/noticiasemdestaque.com\/cd\/index.php?rest_route=\/wp\/v2\/types\/post"}],"author":[{"embeddable":true,"href":"https:\/\/noticiasemdestaque.com\/cd\/index.php?rest_route=\/wp\/v2\/users\/2"}],"replies":[{"embeddable":true,"href":"https:\/\/noticiasemdestaque.com\/cd\/index.php?rest_route=%2Fwp%2Fv2%2Fcomments&post=1029"}],"version-history":[{"count":1,"href":"https:\/\/noticiasemdestaque.com\/cd\/index.php?rest_route=\/wp\/v2\/posts\/1029\/revisions"}],"predecessor-version":[{"id":1031,"href":"https:\/\/noticiasemdestaque.com\/cd\/index.php?rest_route=\/wp\/v2\/posts\/1029\/revisions\/1031"}],"wp:featuredmedia":[{"embeddable":true,"href":"https:\/\/noticiasemdestaque.com\/cd\/index.php?rest_route=\/wp\/v2\/media\/1030"}],"wp:attachment":[{"href":"https:\/\/noticiasemdestaque.com\/cd\/index.php?rest_route=%2Fwp%2Fv2%2Fmedia&parent=1029"}],"wp:term":[{"taxonomy":"category","embeddable":true,"href":"https:\/\/noticiasemdestaque.com\/cd\/index.php?rest_route=%2Fwp%2Fv2%2Fcategories&post=1029"},{"taxonomy":"post_tag","embeddable":true,"href":"https:\/\/noticiasemdestaque.com\/cd\/index.php?rest_route=%2Fwp%2Fv2%2Ftags&post=1029"}],"curies":[{"name":"wp","href":"https:\/\/api.w.org\/{rel}","templated":true}]}}