{"id":10015,"date":"2018-05-14T07:29:33","date_gmt":"2018-05-14T10:29:33","guid":{"rendered":"http:\/\/caririemdestaque.com\/cd\/?p=10015"},"modified":"2018-05-14T07:29:33","modified_gmt":"2018-05-14T10:29:33","slug":"prazo-de-renovacao-do-fies-e-adiado-para-25-de-maio","status":"publish","type":"post","link":"https:\/\/noticiasemdestaque.com\/cd\/?p=10015","title":{"rendered":"Prazo de renova\u00e7\u00e3o do Fies \u00e9 adiado para 25 de maio"},"content":{"rendered":"<p><a href=\"http:\/\/caririemdestaque.com\/cd\/wp-content\/uploads\/2018\/03\/fies.png\"><img fetchpriority=\"high\" decoding=\"async\" class=\"wp-image-8608 aligncenter\" src=\"http:\/\/caririemdestaque.com\/cd\/wp-content\/uploads\/2018\/03\/fies.png\" alt=\"\" width=\"500\" height=\"336\" \/><\/a><\/p>\n<p>O prazo para renova\u00e7\u00e3o do contrato do Fundo de Financiamento Estudantil (Fies) do primeiro semestre deste ano foi adiado mais uma vez e se encerra no dia 25 de maio. O prazo final para a renova\u00e7\u00e3o seria hoje (10). A nova data foi definica em portaria publicada na edi\u00e7\u00e3o de hoje do\u00a0<a href=\"http:\/\/pesquisa.in.gov.br\/imprensa\/jsp\/visualiza\/index.jsp?data=10\/05\/2018&amp;jornal=515&amp;pagina=12\" target=\"_blank\" rel=\"noopener\">Di\u00e1rio Oficial da Uni\u00e3o<\/a>.<\/p>\n<p>Os contratos do Fies precisam ser aditados todo semestre. O pedido \u00e9 feito inicialmente pelas institui\u00e7\u00f5es de ensino e depois as informa\u00e7\u00f5es devem ser validadas pelos estudantes pela internet no\u00a0<a href=\"http:\/\/sisfiesportal.mec.gov.br\/\" target=\"_blank\" rel=\"noopener\">Sistema Informatizado do Fundo de Financiamento Estudantil (SisFies)<\/a>. Neste semestre, cerca de 1,1 milh\u00e3o de contratos devem ser renovados.<\/p>\n<p>No caso das renova\u00e7\u00f5es que tenham alguma altera\u00e7\u00e3o nas cl\u00e1usulas do contrato, o estudante precisa levar a nova documenta\u00e7\u00e3o ao agente financeiro &#8211; Banco do Brasil ou Caixa Econ\u00f4mica Federal &#8211; para concluir a renova\u00e7\u00e3o. J\u00e1 nos aditamentos simplificados, a renova\u00e7\u00e3o \u00e9 formalizada a partir da valida\u00e7\u00e3o do estudante no sistema.<\/p>\n<p>Inicialmente, os estudantes tinham at\u00e9 o dia 30 de abril para fazer a renova\u00e7\u00e3o, o prazo foi prorrogado at\u00e9 hoje e agora estendido mais uma vez at\u00e9 o dia 25 de maio pelo Fundo Nacional de Desenvolvimento da Educa\u00e7\u00e3o (FNDE), do Minist\u00e9rio da Educa\u00e7\u00e3o.<\/p>\n<p>O Fies concede financiamento a estudantes em cursos superiores n\u00e3o gratuitos, com avalia\u00e7\u00e3o positiva nos processos conduzidos pelo Minist\u00e9rio da Educa\u00e7\u00e3o. Os estudantes que ingressaram no programa a partir de 2018 aderiram ao Novo Fies que divide o programa em diferentes modalidades, possibilitando juros zero e uma escala de financiamentos que varia conforme a renda familiar do candidato.<\/p>\n<p>Fonte: Ag\u00eancia Brasil<\/p>\n","protected":false},"excerpt":{"rendered":"<p>O prazo para renova\u00e7\u00e3o do contrato do Fundo de Financiamento Estudantil (Fies) do primeiro semestre deste ano foi adiado mais uma vez e se encerra no dia 25 de maio. O prazo final para a renova\u00e7\u00e3o seria hoje (10). A nova data foi definica em portaria publicada na edi\u00e7\u00e3o de hoje do\u00a0Di\u00e1rio Oficial da Uni\u00e3o. Os contratos do Fies precisam ser aditados todo semestre. O pedido \u00e9 feito inicialmente pelas institui\u00e7\u00f5es de ensino e depois as informa\u00e7\u00f5es devem ser validadas pelos estudantes pela internet no\u00a0Sistema Informatizado do Fundo de Financiamento Estudantil (SisFies). Neste semestre, cerca de 1,1 milh\u00e3o de contratos devem ser renovados. No caso das renova\u00e7\u00f5es que tenham alguma altera\u00e7\u00e3o nas cl\u00e1usulas do contrato, o estudante precisa levar a nova documenta\u00e7\u00e3o ao agente financeiro &#8211; Banco do Brasil ou Caixa Econ\u00f4mica Federal &#8211; para concluir a renova\u00e7\u00e3o. J\u00e1 nos aditamentos simplificados, a renova\u00e7\u00e3o \u00e9 formalizada a partir da valida\u00e7\u00e3o do estudante no sistema. Inicialmente, os estudantes tinham at\u00e9 o dia 30 de abril para fazer a renova\u00e7\u00e3o, o prazo foi prorrogado at\u00e9 hoje e agora estendido mais uma vez at\u00e9 o dia 25 de maio pelo Fundo Nacional de Desenvolvimento da Educa\u00e7\u00e3o (FNDE), do Minist\u00e9rio da Educa\u00e7\u00e3o. O Fies concede financiamento a estudantes em cursos superiores n\u00e3o gratuitos, com avalia\u00e7\u00e3o positiva nos processos conduzidos pelo Minist\u00e9rio da Educa\u00e7\u00e3o. Os estudantes que ingressaram no programa a partir de 2018 aderiram ao Novo Fies que divide o programa em diferentes modalidades, possibilitando juros zero e uma escala de financiamentos que varia conforme a renda familiar do candidato. Fonte: Ag\u00eancia Brasil<\/p>\n","protected":false},"author":2,"featured_media":8608,"comment_status":"closed","ping_status":"open","sticky":false,"template":"","format":"standard","meta":{"_eb_attr":"","_jetpack_memberships_contains_paid_content":false,"footnotes":""},"categories":[6],"tags":[],"class_list":["post-10015","post","type-post","status-publish","format-standard","has-post-thumbnail","hentry","category-educacao"],"yoast_head":"<!-- This site is optimized with the Yoast SEO plugin v26.5 - https:\/\/yoast.com\/wordpress\/plugins\/seo\/ -->\n<title>Prazo de renova\u00e7\u00e3o do Fies \u00e9 adiado para 25 de maio - Not&iacute;cias em Destaque<\/title>\n<meta name=\"robots\" content=\"index, follow, max-snippet:-1, max-image-preview:large, max-video-preview:-1\" \/>\n<link rel=\"canonical\" href=\"https:\/\/noticiasemdestaque.com\/cd\/?p=10015\" \/>\n<meta property=\"og:locale\" content=\"pt_BR\" \/>\n<meta property=\"og:type\" content=\"article\" \/>\n<meta property=\"og:title\" content=\"Prazo de renova\u00e7\u00e3o do Fies \u00e9 adiado para 25 de maio - Not&iacute;cias em Destaque\" \/>\n<meta property=\"og:description\" content=\"O prazo para renova\u00e7\u00e3o do contrato do Fundo de Financiamento Estudantil (Fies) do primeiro semestre deste ano foi adiado mais uma vez e se encerra no dia 25 de maio. O prazo final para a renova\u00e7\u00e3o seria hoje (10). A nova data foi definica em portaria publicada na edi\u00e7\u00e3o de hoje do\u00a0Di\u00e1rio Oficial da Uni\u00e3o. Os contratos do Fies precisam ser aditados todo semestre. O pedido \u00e9 feito inicialmente pelas institui\u00e7\u00f5es de ensino e depois as informa\u00e7\u00f5es devem ser validadas pelos estudantes pela internet no\u00a0Sistema Informatizado do Fundo de Financiamento Estudantil (SisFies). Neste semestre, cerca de 1,1 milh\u00e3o de contratos devem ser renovados. No caso das renova\u00e7\u00f5es que tenham alguma altera\u00e7\u00e3o nas cl\u00e1usulas do contrato, o estudante precisa levar a nova documenta\u00e7\u00e3o ao agente financeiro &#8211; Banco do Brasil ou Caixa Econ\u00f4mica Federal &#8211; para concluir a renova\u00e7\u00e3o. J\u00e1 nos aditamentos simplificados, a renova\u00e7\u00e3o \u00e9 formalizada a partir da valida\u00e7\u00e3o do estudante no sistema. Inicialmente, os estudantes tinham at\u00e9 o dia 30 de abril para fazer a renova\u00e7\u00e3o, o prazo foi prorrogado at\u00e9 hoje e agora estendido mais uma vez at\u00e9 o dia 25 de maio pelo Fundo Nacional de Desenvolvimento da Educa\u00e7\u00e3o (FNDE), do Minist\u00e9rio da Educa\u00e7\u00e3o. O Fies concede financiamento a estudantes em cursos superiores n\u00e3o gratuitos, com avalia\u00e7\u00e3o positiva nos processos conduzidos pelo Minist\u00e9rio da Educa\u00e7\u00e3o. Os estudantes que ingressaram no programa a partir de 2018 aderiram ao Novo Fies que divide o programa em diferentes modalidades, possibilitando juros zero e uma escala de financiamentos que varia conforme a renda familiar do candidato. Fonte: Ag\u00eancia Brasil\" \/>\n<meta property=\"og:url\" content=\"https:\/\/noticiasemdestaque.com\/cd\/?p=10015\" \/>\n<meta property=\"og:site_name\" content=\"Not&iacute;cias em Destaque\" \/>\n<meta property=\"article:published_time\" content=\"2018-05-14T10:29:33+00:00\" \/>\n<meta property=\"og:image\" content=\"https:\/\/noticiasemdestaque.com\/cd\/wp-content\/uploads\/2018\/03\/fies.png\" \/>\n\t<meta property=\"og:image:width\" content=\"274\" \/>\n\t<meta property=\"og:image:height\" content=\"184\" \/>\n\t<meta property=\"og:image:type\" content=\"image\/png\" \/>\n<meta name=\"author\" content=\"Not\u00edcias em Destaque\" \/>\n<meta name=\"twitter:card\" content=\"summary_large_image\" \/>\n<meta name=\"twitter:label1\" content=\"Escrito por\" \/>\n\t<meta name=\"twitter:data1\" content=\"Not\u00edcias em Destaque\" \/>\n\t<meta name=\"twitter:label2\" content=\"Est. tempo de leitura\" \/>\n\t<meta name=\"twitter:data2\" content=\"1 minuto\" \/>\n<script type=\"application\/ld+json\" class=\"yoast-schema-graph\">{\"@context\":\"https:\/\/schema.org\",\"@graph\":[{\"@type\":\"Article\",\"@id\":\"https:\/\/noticiasemdestaque.com\/cd\/?p=10015#article\",\"isPartOf\":{\"@id\":\"https:\/\/noticiasemdestaque.com\/cd\/?p=10015\"},\"author\":{\"name\":\"Not\u00edcias em Destaque\",\"@id\":\"https:\/\/noticiasemdestaque.com\/cd\/#\/schema\/person\/4a81fb71f77579d059c3045891fa1786\"},\"headline\":\"Prazo de renova\u00e7\u00e3o do Fies \u00e9 adiado para 25 de maio\",\"datePublished\":\"2018-05-14T10:29:33+00:00\",\"mainEntityOfPage\":{\"@id\":\"https:\/\/noticiasemdestaque.com\/cd\/?p=10015\"},\"wordCount\":288,\"publisher\":{\"@id\":\"https:\/\/noticiasemdestaque.com\/cd\/#organization\"},\"image\":{\"@id\":\"https:\/\/noticiasemdestaque.com\/cd\/?p=10015#primaryimage\"},\"thumbnailUrl\":\"https:\/\/noticiasemdestaque.com\/cd\/wp-content\/uploads\/2018\/03\/fies.png\",\"articleSection\":[\"Educa\u00e7\u00e3o\"],\"inLanguage\":\"pt-BR\"},{\"@type\":\"WebPage\",\"@id\":\"https:\/\/noticiasemdestaque.com\/cd\/?p=10015\",\"url\":\"https:\/\/noticiasemdestaque.com\/cd\/?p=10015\",\"name\":\"Prazo de renova\u00e7\u00e3o do Fies \u00e9 adiado para 25 de maio - Not&iacute;cias em Destaque\",\"isPartOf\":{\"@id\":\"https:\/\/noticiasemdestaque.com\/cd\/#website\"},\"primaryImageOfPage\":{\"@id\":\"https:\/\/noticiasemdestaque.com\/cd\/?p=10015#primaryimage\"},\"image\":{\"@id\":\"https:\/\/noticiasemdestaque.com\/cd\/?p=10015#primaryimage\"},\"thumbnailUrl\":\"https:\/\/noticiasemdestaque.com\/cd\/wp-content\/uploads\/2018\/03\/fies.png\",\"datePublished\":\"2018-05-14T10:29:33+00:00\",\"breadcrumb\":{\"@id\":\"https:\/\/noticiasemdestaque.com\/cd\/?p=10015#breadcrumb\"},\"inLanguage\":\"pt-BR\",\"potentialAction\":[{\"@type\":\"ReadAction\",\"target\":[\"https:\/\/noticiasemdestaque.com\/cd\/?p=10015\"]}]},{\"@type\":\"ImageObject\",\"inLanguage\":\"pt-BR\",\"@id\":\"https:\/\/noticiasemdestaque.com\/cd\/?p=10015#primaryimage\",\"url\":\"https:\/\/noticiasemdestaque.com\/cd\/wp-content\/uploads\/2018\/03\/fies.png\",\"contentUrl\":\"https:\/\/noticiasemdestaque.com\/cd\/wp-content\/uploads\/2018\/03\/fies.png\",\"width\":274,\"height\":184},{\"@type\":\"BreadcrumbList\",\"@id\":\"https:\/\/noticiasemdestaque.com\/cd\/?p=10015#breadcrumb\",\"itemListElement\":[{\"@type\":\"ListItem\",\"position\":1,\"name\":\"In\u00edcio\",\"item\":\"https:\/\/noticiasemdestaque.com\/cd\/\"},{\"@type\":\"ListItem\",\"position\":2,\"name\":\"Prazo de renova\u00e7\u00e3o do Fies \u00e9 adiado para 25 de maio\"}]},{\"@type\":\"WebSite\",\"@id\":\"https:\/\/noticiasemdestaque.com\/cd\/#website\",\"url\":\"https:\/\/noticiasemdestaque.com\/cd\/\",\"name\":\"Not&iacute;cias em Destaque\",\"description\":\"\",\"publisher\":{\"@id\":\"https:\/\/noticiasemdestaque.com\/cd\/#organization\"},\"potentialAction\":[{\"@type\":\"SearchAction\",\"target\":{\"@type\":\"EntryPoint\",\"urlTemplate\":\"https:\/\/noticiasemdestaque.com\/cd\/?s={search_term_string}\"},\"query-input\":{\"@type\":\"PropertyValueSpecification\",\"valueRequired\":true,\"valueName\":\"search_term_string\"}}],\"inLanguage\":\"pt-BR\"},{\"@type\":\"Organization\",\"@id\":\"https:\/\/noticiasemdestaque.com\/cd\/#organization\",\"name\":\"Not\u00edcias em Destaque\",\"url\":\"https:\/\/noticiasemdestaque.com\/cd\/\",\"logo\":{\"@type\":\"ImageObject\",\"inLanguage\":\"pt-BR\",\"@id\":\"https:\/\/noticiasemdestaque.com\/cd\/#\/schema\/logo\/image\/\",\"url\":\"https:\/\/noticiasemdestaque.com\/cd\/wp-content\/uploads\/2022\/05\/imagem-base-noticiasemdestaque.png\",\"contentUrl\":\"https:\/\/noticiasemdestaque.com\/cd\/wp-content\/uploads\/2022\/05\/imagem-base-noticiasemdestaque.png\",\"width\":1200,\"height\":630,\"caption\":\"Not\u00edcias em Destaque\"},\"image\":{\"@id\":\"https:\/\/noticiasemdestaque.com\/cd\/#\/schema\/logo\/image\/\"}},{\"@type\":\"Person\",\"@id\":\"https:\/\/noticiasemdestaque.com\/cd\/#\/schema\/person\/4a81fb71f77579d059c3045891fa1786\",\"name\":\"Not\u00edcias em Destaque\",\"url\":\"https:\/\/noticiasemdestaque.com\/cd\/?author=2\"}]}<\/script>\n<!-- \/ Yoast SEO plugin. -->","yoast_head_json":{"title":"Prazo de renova\u00e7\u00e3o do Fies \u00e9 adiado para 25 de maio - Not&iacute;cias em Destaque","robots":{"index":"index","follow":"follow","max-snippet":"max-snippet:-1","max-image-preview":"max-image-preview:large","max-video-preview":"max-video-preview:-1"},"canonical":"https:\/\/noticiasemdestaque.com\/cd\/?p=10015","og_locale":"pt_BR","og_type":"article","og_title":"Prazo de renova\u00e7\u00e3o do Fies \u00e9 adiado para 25 de maio - Not&iacute;cias em Destaque","og_description":"O prazo para renova\u00e7\u00e3o do contrato do Fundo de Financiamento Estudantil (Fies) do primeiro semestre deste ano foi adiado mais uma vez e se encerra no dia 25 de maio. O prazo final para a renova\u00e7\u00e3o seria hoje (10). A nova data foi definica em portaria publicada na edi\u00e7\u00e3o de hoje do\u00a0Di\u00e1rio Oficial da Uni\u00e3o. Os contratos do Fies precisam ser aditados todo semestre. O pedido \u00e9 feito inicialmente pelas institui\u00e7\u00f5es de ensino e depois as informa\u00e7\u00f5es devem ser validadas pelos estudantes pela internet no\u00a0Sistema Informatizado do Fundo de Financiamento Estudantil (SisFies). Neste semestre, cerca de 1,1 milh\u00e3o de contratos devem ser renovados. No caso das renova\u00e7\u00f5es que tenham alguma altera\u00e7\u00e3o nas cl\u00e1usulas do contrato, o estudante precisa levar a nova documenta\u00e7\u00e3o ao agente financeiro &#8211; Banco do Brasil ou Caixa Econ\u00f4mica Federal &#8211; para concluir a renova\u00e7\u00e3o. J\u00e1 nos aditamentos simplificados, a renova\u00e7\u00e3o \u00e9 formalizada a partir da valida\u00e7\u00e3o do estudante no sistema. Inicialmente, os estudantes tinham at\u00e9 o dia 30 de abril para fazer a renova\u00e7\u00e3o, o prazo foi prorrogado at\u00e9 hoje e agora estendido mais uma vez at\u00e9 o dia 25 de maio pelo Fundo Nacional de Desenvolvimento da Educa\u00e7\u00e3o (FNDE), do Minist\u00e9rio da Educa\u00e7\u00e3o. O Fies concede financiamento a estudantes em cursos superiores n\u00e3o gratuitos, com avalia\u00e7\u00e3o positiva nos processos conduzidos pelo Minist\u00e9rio da Educa\u00e7\u00e3o. Os estudantes que ingressaram no programa a partir de 2018 aderiram ao Novo Fies que divide o programa em diferentes modalidades, possibilitando juros zero e uma escala de financiamentos que varia conforme a renda familiar do candidato. Fonte: Ag\u00eancia Brasil","og_url":"https:\/\/noticiasemdestaque.com\/cd\/?p=10015","og_site_name":"Not&iacute;cias em Destaque","article_published_time":"2018-05-14T10:29:33+00:00","og_image":[{"width":274,"height":184,"url":"https:\/\/noticiasemdestaque.com\/cd\/wp-content\/uploads\/2018\/03\/fies.png","type":"image\/png"}],"author":"Not\u00edcias em Destaque","twitter_card":"summary_large_image","twitter_misc":{"Escrito por":"Not\u00edcias em Destaque","Est. tempo de leitura":"1 minuto"},"schema":{"@context":"https:\/\/schema.org","@graph":[{"@type":"Article","@id":"https:\/\/noticiasemdestaque.com\/cd\/?p=10015#article","isPartOf":{"@id":"https:\/\/noticiasemdestaque.com\/cd\/?p=10015"},"author":{"name":"Not\u00edcias em Destaque","@id":"https:\/\/noticiasemdestaque.com\/cd\/#\/schema\/person\/4a81fb71f77579d059c3045891fa1786"},"headline":"Prazo de renova\u00e7\u00e3o do Fies \u00e9 adiado para 25 de maio","datePublished":"2018-05-14T10:29:33+00:00","mainEntityOfPage":{"@id":"https:\/\/noticiasemdestaque.com\/cd\/?p=10015"},"wordCount":288,"publisher":{"@id":"https:\/\/noticiasemdestaque.com\/cd\/#organization"},"image":{"@id":"https:\/\/noticiasemdestaque.com\/cd\/?p=10015#primaryimage"},"thumbnailUrl":"https:\/\/noticiasemdestaque.com\/cd\/wp-content\/uploads\/2018\/03\/fies.png","articleSection":["Educa\u00e7\u00e3o"],"inLanguage":"pt-BR"},{"@type":"WebPage","@id":"https:\/\/noticiasemdestaque.com\/cd\/?p=10015","url":"https:\/\/noticiasemdestaque.com\/cd\/?p=10015","name":"Prazo de renova\u00e7\u00e3o do Fies \u00e9 adiado para 25 de maio - Not&iacute;cias em Destaque","isPartOf":{"@id":"https:\/\/noticiasemdestaque.com\/cd\/#website"},"primaryImageOfPage":{"@id":"https:\/\/noticiasemdestaque.com\/cd\/?p=10015#primaryimage"},"image":{"@id":"https:\/\/noticiasemdestaque.com\/cd\/?p=10015#primaryimage"},"thumbnailUrl":"https:\/\/noticiasemdestaque.com\/cd\/wp-content\/uploads\/2018\/03\/fies.png","datePublished":"2018-05-14T10:29:33+00:00","breadcrumb":{"@id":"https:\/\/noticiasemdestaque.com\/cd\/?p=10015#breadcrumb"},"inLanguage":"pt-BR","potentialAction":[{"@type":"ReadAction","target":["https:\/\/noticiasemdestaque.com\/cd\/?p=10015"]}]},{"@type":"ImageObject","inLanguage":"pt-BR","@id":"https:\/\/noticiasemdestaque.com\/cd\/?p=10015#primaryimage","url":"https:\/\/noticiasemdestaque.com\/cd\/wp-content\/uploads\/2018\/03\/fies.png","contentUrl":"https:\/\/noticiasemdestaque.com\/cd\/wp-content\/uploads\/2018\/03\/fies.png","width":274,"height":184},{"@type":"BreadcrumbList","@id":"https:\/\/noticiasemdestaque.com\/cd\/?p=10015#breadcrumb","itemListElement":[{"@type":"ListItem","position":1,"name":"In\u00edcio","item":"https:\/\/noticiasemdestaque.com\/cd\/"},{"@type":"ListItem","position":2,"name":"Prazo de renova\u00e7\u00e3o do Fies \u00e9 adiado para 25 de maio"}]},{"@type":"WebSite","@id":"https:\/\/noticiasemdestaque.com\/cd\/#website","url":"https:\/\/noticiasemdestaque.com\/cd\/","name":"Not&iacute;cias em Destaque","description":"","publisher":{"@id":"https:\/\/noticiasemdestaque.com\/cd\/#organization"},"potentialAction":[{"@type":"SearchAction","target":{"@type":"EntryPoint","urlTemplate":"https:\/\/noticiasemdestaque.com\/cd\/?s={search_term_string}"},"query-input":{"@type":"PropertyValueSpecification","valueRequired":true,"valueName":"search_term_string"}}],"inLanguage":"pt-BR"},{"@type":"Organization","@id":"https:\/\/noticiasemdestaque.com\/cd\/#organization","name":"Not\u00edcias em Destaque","url":"https:\/\/noticiasemdestaque.com\/cd\/","logo":{"@type":"ImageObject","inLanguage":"pt-BR","@id":"https:\/\/noticiasemdestaque.com\/cd\/#\/schema\/logo\/image\/","url":"https:\/\/noticiasemdestaque.com\/cd\/wp-content\/uploads\/2022\/05\/imagem-base-noticiasemdestaque.png","contentUrl":"https:\/\/noticiasemdestaque.com\/cd\/wp-content\/uploads\/2022\/05\/imagem-base-noticiasemdestaque.png","width":1200,"height":630,"caption":"Not\u00edcias em Destaque"},"image":{"@id":"https:\/\/noticiasemdestaque.com\/cd\/#\/schema\/logo\/image\/"}},{"@type":"Person","@id":"https:\/\/noticiasemdestaque.com\/cd\/#\/schema\/person\/4a81fb71f77579d059c3045891fa1786","name":"Not\u00edcias em Destaque","url":"https:\/\/noticiasemdestaque.com\/cd\/?author=2"}]}},"jetpack_featured_media_url":"https:\/\/noticiasemdestaque.com\/cd\/wp-content\/uploads\/2018\/03\/fies.png","jetpack_sharing_enabled":true,"_links":{"self":[{"href":"https:\/\/noticiasemdestaque.com\/cd\/index.php?rest_route=\/wp\/v2\/posts\/10015","targetHints":{"allow":["GET"]}}],"collection":[{"href":"https:\/\/noticiasemdestaque.com\/cd\/index.php?rest_route=\/wp\/v2\/posts"}],"about":[{"href":"https:\/\/noticiasemdestaque.com\/cd\/index.php?rest_route=\/wp\/v2\/types\/post"}],"author":[{"embeddable":true,"href":"https:\/\/noticiasemdestaque.com\/cd\/index.php?rest_route=\/wp\/v2\/users\/2"}],"replies":[{"embeddable":true,"href":"https:\/\/noticiasemdestaque.com\/cd\/index.php?rest_route=%2Fwp%2Fv2%2Fcomments&post=10015"}],"version-history":[{"count":1,"href":"https:\/\/noticiasemdestaque.com\/cd\/index.php?rest_route=\/wp\/v2\/posts\/10015\/revisions"}],"predecessor-version":[{"id":10016,"href":"https:\/\/noticiasemdestaque.com\/cd\/index.php?rest_route=\/wp\/v2\/posts\/10015\/revisions\/10016"}],"wp:featuredmedia":[{"embeddable":true,"href":"https:\/\/noticiasemdestaque.com\/cd\/index.php?rest_route=\/wp\/v2\/media\/8608"}],"wp:attachment":[{"href":"https:\/\/noticiasemdestaque.com\/cd\/index.php?rest_route=%2Fwp%2Fv2%2Fmedia&parent=10015"}],"wp:term":[{"taxonomy":"category","embeddable":true,"href":"https:\/\/noticiasemdestaque.com\/cd\/index.php?rest_route=%2Fwp%2Fv2%2Fcategories&post=10015"},{"taxonomy":"post_tag","embeddable":true,"href":"https:\/\/noticiasemdestaque.com\/cd\/index.php?rest_route=%2Fwp%2Fv2%2Ftags&post=10015"}],"curies":[{"name":"wp","href":"https:\/\/api.w.org\/{rel}","templated":true}]}}